{"id":13041,"date":"2019-10-11T10:43:38","date_gmt":"2019-10-11T13:43:38","guid":{"rendered":"https:\/\/jusprev.org.br\/backup\/?p=13041"},"modified":"2019-10-11T11:04:06","modified_gmt":"2019-10-11T14:04:06","slug":"apamagis-realiza-o-momento-jusprev-para-seus-colaboradores","status":"publish","type":"post","link":"https:\/\/jusprev.org.br\/backup\/apamagis-realiza-o-momento-jusprev-para-seus-colaboradores\/","title":{"rendered":"APAMAGIS realiza \u201cMomento Jusprev\u201d para seus colaboradores"},"content":{"rendered":"<p>A Associa\u00e7\u00e3o Paulista de Magistrados (APAMAGIS), que \u00e9 uma das Instituidoras da JUSPREV, realizou no dia 10 de outubro o \u201cMomento Jusprev\u201d na entidade. O objetivo foi apresentar o plano de benef\u00edcios previdenci\u00e1rios, o Planjus, para os colaboradores da Associa\u00e7\u00e3o. A partir da Resolu\u00e7\u00e3o n\u00ba 18, do Conselho Nacional de Previd\u00eancia Complementar, de mar\u00e7o de 2015, e da Instru\u00e7\u00e3o n\u00ba 9, da Previc, os planos de previd\u00eancia complementar tamb\u00e9m podem ser ofertados para colaboradores do Instituidor, c\u00f4njuges e dependentes econ\u00f4micos.<\/p>\n<p>A apresenta\u00e7\u00e3o foi realizada pela gerente da JUSPREV, Deborah Maggio, na sede da Associa\u00e7\u00e3o em S\u00e3o Paulo.<\/p>\n<p><strong>Consultoria para associados &#8211;<\/strong> Al\u00e9m desta a\u00e7\u00e3o, no pr\u00f3ximo dia 15 de outubro, a APAMAGIS receber\u00e1 a consultora previdenci\u00e1ria, Carolina Dutra. Os associados poder\u00e3o tirar d\u00favidas e fazer a ades\u00e3o ao Planjus. O hor\u00e1rio de atendimento na sede da Associa\u00e7\u00e3o ser\u00e1 das 9h \u00e0s 18h. <a href=\"https:\/\/apamagis.com.br\/associado\/consultora-da-jusprev-vai-tirar-duvidas-de-associados-na-proxima-semana\/\">Clique aqui<\/a> para mais informa\u00e7\u00f5es.<\/p>\n<p><img loading=\"lazy\" decoding=\"async\" class=\"aligncenter wp-image-13042\" src=\"https:\/\/jusprev.org.br\/backup\/wp-content\/uploads\/2019\/10\/b266b74a-50b2-4ab6-a465-426872be0840.jpg\" alt=\"\" width=\"499\" height=\"318\" srcset=\"https:\/\/jusprev.org.br\/backup\/wp-content\/uploads\/2019\/10\/b266b74a-50b2-4ab6-a465-426872be0840.jpg 1024w, https:\/\/jusprev.org.br\/backup\/wp-content\/uploads\/2019\/10\/b266b74a-50b2-4ab6-a465-426872be0840-300x191.jpg 300w, https:\/\/jusprev.org.br\/backup\/wp-content\/uploads\/2019\/10\/b266b74a-50b2-4ab6-a465-426872be0840-768x489.jpg 768w\" sizes=\"auto, (max-width: 499px) 100vw, 499px\" \/><\/p>\n<p>&nbsp;<\/p>\n","protected":false},"excerpt":{"rendered":"<p>A Associa\u00e7\u00e3o Paulista de Magistrados (APAMAGIS), que \u00e9 uma das Instituidoras da JUSPREV, realizou no dia 10 de outubro o \u201cMomento Jusprev\u201d na entidade. O objetivo foi apresentar o plano&#8230;<\/p>\n","protected":false},"author":1,"featured_media":13042,"comment_status":"open","ping_status":"closed","sticky":false,"template":"","format":"standard","meta":{"footnotes":""},"categories":[52,31],"tags":[],"class_list":["post-13041","post","type-post","status-publish","format-standard","has-post-thumbnail","hentry","category-destaque","category-noticias"],"_links":{"self":[{"href":"https:\/\/jusprev.org.br\/backup\/wp-json\/wp\/v2\/posts\/13041","targetHints":{"allow":["GET"]}}],"collection":[{"href":"https:\/\/jusprev.org.br\/backup\/wp-json\/wp\/v2\/posts"}],"about":[{"href":"https:\/\/jusprev.org.br\/backup\/wp-json\/wp\/v2\/types\/post"}],"author":[{"embeddable":true,"href":"https:\/\/jusprev.org.br\/backup\/wp-json\/wp\/v2\/users\/1"}],"replies":[{"embeddable":true,"href":"https:\/\/jusprev.org.br\/backup\/wp-json\/wp\/v2\/comments?post=13041"}],"version-history":[{"count":5,"href":"https:\/\/jusprev.org.br\/backup\/wp-json\/wp\/v2\/posts\/13041\/revisions"}],"predecessor-version":[{"id":13047,"href":"https:\/\/jusprev.org.br\/backup\/wp-json\/wp\/v2\/posts\/13041\/revisions\/13047"}],"wp:featuredmedia":[{"embeddable":true,"href":"https:\/\/jusprev.org.br\/backup\/wp-json\/wp\/v2\/media\/13042"}],"wp:attachment":[{"href":"https:\/\/jusprev.org.br\/backup\/wp-json\/wp\/v2\/media?parent=13041"}],"wp:term":[{"taxonomy":"category","embeddable":true,"href":"https:\/\/jusprev.org.br\/backup\/wp-json\/wp\/v2\/categories?post=13041"},{"taxonomy":"post_tag","embeddable":true,"href":"https:\/\/jusprev.org.br\/backup\/wp-json\/wp\/v2\/tags?post=13041"}],"curies":[{"name":"wp","href":"https:\/\/api.w.org\/{rel}","templated":true}]}}