{"id":13072,"date":"2019-10-17T10:23:06","date_gmt":"2019-10-17T13:23:06","guid":{"rendered":"https:\/\/jusprev.org.br\/backup\/?p=13072"},"modified":"2019-10-17T10:30:32","modified_gmt":"2019-10-17T13:30:32","slug":"jusprev-e-apresentada-para-associados-da-anfip-sp","status":"publish","type":"post","link":"https:\/\/jusprev.org.br\/backup\/jusprev-e-apresentada-para-associados-da-anfip-sp\/","title":{"rendered":"JUSPREV \u00e9 apresentada para associados da ANFIP-SP"},"content":{"rendered":"<p><em>Entidade participou da 5\u00aa Reuni\u00e3o do Conselho de Representantes da Associa\u00e7\u00e3o<\/em><\/p>\n<p>Nesta quarta-feira (16\/10), a JUSPREV esteve presente na 5\u00aa Reuni\u00e3o do Conselho de Representantes da Associa\u00e7\u00e3o dos Auditores-Fiscais da Receita Federal do Brasil em S\u00e3o Paulo (ANFIP-SP). Durante o evento, a Diretora-Presidente da JUSPREV, Dra Antonia L\u00e9lia Neves Sanches, apresentou o PLANJUS, plano de benef\u00edcios previdenci\u00e1rios da Entidade, para os associados. A apresenta\u00e7\u00e3o contou com a presen\u00e7a do Presidente do Col\u00e9gio de Instituidoras da JUSPREV e Presidente da ANFIP, Dr. D\u00e9cio Bruno Lopes. A consultora previdenci\u00e1ria, Carolina Dutra, que atende a regi\u00e3o Sudeste, tamb\u00e9m esteve presente na reuni\u00e3o, com o objetivo de realizar atendimentos personalizados para os associados.<\/p>\n<p>A ANFIP \u00e9 uma das mais de 80 Associa\u00e7\u00f5es Instituidoras da JUSPREV, que oferecem para os seus associados uma previd\u00eancia complementar segura e transparente, criada pela for\u00e7a da uni\u00e3o associativa. A JUSPREV \u00e9 uma entidade nacional, que administra mais de 260 milh\u00f5es em ativos previdenci\u00e1rios.<a href=\"https:\/\/jusprev.org.br\/backup\/transparencia\/\"> Saiba mais sobre os n\u00fameros da JUSPREV aqui.<\/a><\/p>\n<p><img loading=\"lazy\" decoding=\"async\" class=\"aligncenter wp-image-13074\" src=\"https:\/\/jusprev.org.br\/backup\/wp-content\/uploads\/2019\/10\/anfip_site.jpg\" alt=\"\" width=\"596\" height=\"380\" srcset=\"https:\/\/jusprev.org.br\/backup\/wp-content\/uploads\/2019\/10\/anfip_site.jpg 1220w, https:\/\/jusprev.org.br\/backup\/wp-content\/uploads\/2019\/10\/anfip_site-300x191.jpg 300w, https:\/\/jusprev.org.br\/backup\/wp-content\/uploads\/2019\/10\/anfip_site-768x490.jpg 768w, https:\/\/jusprev.org.br\/backup\/wp-content\/uploads\/2019\/10\/anfip_site-1024x653.jpg 1024w\" sizes=\"auto, (max-width: 596px) 100vw, 596px\" \/><\/p>\n","protected":false},"excerpt":{"rendered":"<p>Entidade participou da 5\u00aa Reuni\u00e3o do Conselho de Representantes da Associa\u00e7\u00e3o Nesta quarta-feira (16\/10), a JUSPREV esteve presente na 5\u00aa Reuni\u00e3o do Conselho de Representantes da Associa\u00e7\u00e3o dos Auditores-Fiscais da&#8230;<\/p>\n","protected":false},"author":1,"featured_media":13074,"comment_status":"open","ping_status":"closed","sticky":false,"template":"","format":"standard","meta":{"footnotes":""},"categories":[52,31],"tags":[],"class_list":["post-13072","post","type-post","status-publish","format-standard","has-post-thumbnail","hentry","category-destaque","category-noticias"],"_links":{"self":[{"href":"https:\/\/jusprev.org.br\/backup\/wp-json\/wp\/v2\/posts\/13072","targetHints":{"allow":["GET"]}}],"collection":[{"href":"https:\/\/jusprev.org.br\/backup\/wp-json\/wp\/v2\/posts"}],"about":[{"href":"https:\/\/jusprev.org.br\/backup\/wp-json\/wp\/v2\/types\/post"}],"author":[{"embeddable":true,"href":"https:\/\/jusprev.org.br\/backup\/wp-json\/wp\/v2\/users\/1"}],"replies":[{"embeddable":true,"href":"https:\/\/jusprev.org.br\/backup\/wp-json\/wp\/v2\/comments?post=13072"}],"version-history":[{"count":3,"href":"https:\/\/jusprev.org.br\/backup\/wp-json\/wp\/v2\/posts\/13072\/revisions"}],"predecessor-version":[{"id":13078,"href":"https:\/\/jusprev.org.br\/backup\/wp-json\/wp\/v2\/posts\/13072\/revisions\/13078"}],"wp:featuredmedia":[{"embeddable":true,"href":"https:\/\/jusprev.org.br\/backup\/wp-json\/wp\/v2\/media\/13074"}],"wp:attachment":[{"href":"https:\/\/jusprev.org.br\/backup\/wp-json\/wp\/v2\/media?parent=13072"}],"wp:term":[{"taxonomy":"category","embeddable":true,"href":"https:\/\/jusprev.org.br\/backup\/wp-json\/wp\/v2\/categories?post=13072"},{"taxonomy":"post_tag","embeddable":true,"href":"https:\/\/jusprev.org.br\/backup\/wp-json\/wp\/v2\/tags?post=13072"}],"curies":[{"name":"wp","href":"https:\/\/api.w.org\/{rel}","templated":true}]}}