{"id":13096,"date":"2019-10-21T15:47:39","date_gmt":"2019-10-21T18:47:39","guid":{"rendered":"https:\/\/jusprev.org.br\/backup\/?p=13096"},"modified":"2019-10-21T15:49:57","modified_gmt":"2019-10-21T18:49:57","slug":"jusprev-no-xvi-congresso-brasileiro-de-procuradores-municipais","status":"publish","type":"post","link":"https:\/\/jusprev.org.br\/backup\/jusprev-no-xvi-congresso-brasileiro-de-procuradores-municipais\/","title":{"rendered":"JUSPREV no XVI Congresso Brasileiro de Procuradores Municipais"},"content":{"rendered":"<p>A JUSPREV participa nesta semana, entre os dias 21 e 24 de outubro, do XVI Congresso Brasileiro de Procuradores Municipais. O evento re\u00fane profissionais da \u00e1rea na sede do Conselho Federal da OAB, em Bras\u00edlia. O Congresso, que conta com o apoio institucional da JUSPREV,\u00a0 \u00e9 promovido pela Associa\u00e7\u00e3o Nacional dos Procuradores Municipais \u2013ANPM \u2013 que \u00e9 a entidade m\u00e1xima de representa\u00e7\u00e3o dos procuradores municipais nos 5.570 munic\u00edpios brasileiros.<\/p>\n<p>Durante todos os dias de Congresso, o consultor previdenci\u00e1rio, Alexandre dos Santos, estar\u00e1 no local para tirar d\u00favidas dos congressistas sobre previd\u00eancia complementar e sobre o PLANJUS, plano de benef\u00edcios administrado pela Entidade.<\/p>\n<p>No dia 23 de outubro, \u00e0s 15h, acontece uma palestra da JUSPREV para os participantes do evento e logo ap\u00f3s, acontece apresenta\u00e7\u00e3o na Assembleia Geral da ANPM.\u00a0 A Entidade ser\u00e1 apresentada pela Diretora-Presidente, Dra. Antonia L\u00e9lia Neves Sanches, pelo membro do Conselho Deliberativo da JUSPREV, Dr. Sergio Augusto Riani e pela gerente, Deborah Maggio.<\/p>\n<p><a href=\"https:\/\/cbpm.anpm.com.br\/\">Saiba mais sobre o evento.\u00a0<\/a><\/p>\n<p><img loading=\"lazy\" decoding=\"async\" class=\"aligncenter wp-image-13097\" src=\"https:\/\/jusprev.org.br\/backup\/wp-content\/uploads\/2019\/10\/congresso_ANMP.jpg\" alt=\"\" width=\"768\" height=\"405\" srcset=\"https:\/\/jusprev.org.br\/backup\/wp-content\/uploads\/2019\/10\/congresso_ANMP.jpg 1315w, https:\/\/jusprev.org.br\/backup\/wp-content\/uploads\/2019\/10\/congresso_ANMP-300x158.jpg 300w, https:\/\/jusprev.org.br\/backup\/wp-content\/uploads\/2019\/10\/congresso_ANMP-768x405.jpg 768w, https:\/\/jusprev.org.br\/backup\/wp-content\/uploads\/2019\/10\/congresso_ANMP-1024x540.jpg 1024w\" sizes=\"auto, (max-width: 768px) 100vw, 768px\" \/><\/p>\n","protected":false},"excerpt":{"rendered":"<p>A JUSPREV participa nesta semana, entre os dias 21 e 24 de outubro, do XVI Congresso Brasileiro de Procuradores Municipais. O evento re\u00fane profissionais da \u00e1rea na sede do Conselho&#8230;<\/p>\n","protected":false},"author":1,"featured_media":13098,"comment_status":"open","ping_status":"closed","sticky":false,"template":"","format":"standard","meta":{"footnotes":""},"categories":[52,31],"tags":[],"class_list":["post-13096","post","type-post","status-publish","format-standard","has-post-thumbnail","hentry","category-destaque","category-noticias"],"_links":{"self":[{"href":"https:\/\/jusprev.org.br\/backup\/wp-json\/wp\/v2\/posts\/13096","targetHints":{"allow":["GET"]}}],"collection":[{"href":"https:\/\/jusprev.org.br\/backup\/wp-json\/wp\/v2\/posts"}],"about":[{"href":"https:\/\/jusprev.org.br\/backup\/wp-json\/wp\/v2\/types\/post"}],"author":[{"embeddable":true,"href":"https:\/\/jusprev.org.br\/backup\/wp-json\/wp\/v2\/users\/1"}],"replies":[{"embeddable":true,"href":"https:\/\/jusprev.org.br\/backup\/wp-json\/wp\/v2\/comments?post=13096"}],"version-history":[{"count":3,"href":"https:\/\/jusprev.org.br\/backup\/wp-json\/wp\/v2\/posts\/13096\/revisions"}],"predecessor-version":[{"id":13100,"href":"https:\/\/jusprev.org.br\/backup\/wp-json\/wp\/v2\/posts\/13096\/revisions\/13100"}],"wp:featuredmedia":[{"embeddable":true,"href":"https:\/\/jusprev.org.br\/backup\/wp-json\/wp\/v2\/media\/13098"}],"wp:attachment":[{"href":"https:\/\/jusprev.org.br\/backup\/wp-json\/wp\/v2\/media?parent=13096"}],"wp:term":[{"taxonomy":"category","embeddable":true,"href":"https:\/\/jusprev.org.br\/backup\/wp-json\/wp\/v2\/categories?post=13096"},{"taxonomy":"post_tag","embeddable":true,"href":"https:\/\/jusprev.org.br\/backup\/wp-json\/wp\/v2\/tags?post=13096"}],"curies":[{"name":"wp","href":"https:\/\/api.w.org\/{rel}","templated":true}]}}