{"id":13182,"date":"2019-10-25T15:40:47","date_gmt":"2019-10-25T18:40:47","guid":{"rendered":"https:\/\/jusprev.org.br\/backup\/?p=13182"},"modified":"2019-11-04T16:48:22","modified_gmt":"2019-11-04T19:48:22","slug":"vamos-dar-um-giro-pelo-mundo-com-inspiracoes-de-hoteis-destinos-para-voce-passar-as-datas-festivas","status":"publish","type":"post","link":"https:\/\/jusprev.org.br\/backup\/vamos-dar-um-giro-pelo-mundo-com-inspiracoes-de-hoteis-destinos-para-voce-passar-as-datas-festivas\/","title":{"rendered":"Vamos dar um giro pelo mundo com inspira\u00e7\u00f5es de hot\u00e9is-destinos para voc\u00ea passar as datas festivas"},"content":{"rendered":"<p style=\"text-align: center;\"><a href=\"https:\/\/www.instagram.com\/adri.lage\/\"><strong>[Por Adriana Lage]<\/strong><\/a><\/p>\n<p>Fim do ano se aproxima e os olhos se voltam para as festas de Natal e Ano Novo. Vamos dar um giro pelo mundo com inspira\u00e7\u00f5es de hot\u00e9is-destinos para voc\u00ea passar as datas festivas em fam\u00edlia, sem se preocupar com roteiros ou multid\u00f5es, em cen\u00e1rios bel\u00edssimos \u00e0 altura das comemora\u00e7\u00f5es.<\/p>\n<p><strong>CANC\u00daN, NIZUC RESORT<\/strong><\/p>\n<p>A partir do dia 24 de dezembro, o resort muito bem guardado na reservada praia de \u00e1guas cristalinas da costa maia traz restaurantes e bares pop-ups e oferece experi\u00eancias gastron\u00f4micas especiais para as datas festivas. A tradicional contagem regressiva com jantar na praia e show de fogos de artif\u00edcios tamb\u00e9m acontece ao ritmo mexicano contagiante. Listado como um dos TOP 100 Hotels in the World 2018, o Nizuc \u00e9 op\u00e7\u00e3o ideal para fam\u00edlias e casais em busca de descanso, atividades sem sair do hotel e cultura ancestral nos arredores.<\/p>\n<p><a href=\"https:\/\/www.nizuc.com\/\">https:\/\/www.nizuc.com<\/a><\/p>\n<p><strong>MAURITIUS, THE RESIDENCE<\/strong><\/p>\n<p>Que tal um destino id\u00edlico banhado por \u00e1guas azuis embevecedoras em uma ilha que surpreende pelas op\u00e7\u00f5es de lazer? No The Residence n\u00e3o h\u00e1 restri\u00e7\u00e3o de m\u00ednimo de noites neste fim de ano. Entre os dias 22 de dezembro a 5 de janeiro de 2020 o requintado resort The Residence Mauritius oferece aos clientes uma programa\u00e7\u00e3o culin\u00e1ria imperd\u00edvel em comemora\u00e7\u00e3o \u00e0s festas de fim de ano.<\/p>\n<p>As refei\u00e7\u00f5es tem\u00e1ticas variam diariamente e s\u00e3o inspiradas nas cidades mais rom\u00e2nticas do mundo, como Paris, Marrakech e Rio de Janeiro. Al\u00e9m da experiencia gastron\u00f4mica \u00fanica, a programa\u00e7\u00e3o conta tamb\u00e9m com shows ao vivo e muitas novidades para iniciar o novo ano de 2020.<\/p>\n<p><img loading=\"lazy\" decoding=\"async\" class=\"aligncenter size-medium wp-image-13228\" src=\"https:\/\/jusprev.org.br\/backup\/wp-content\/uploads\/2019\/10\/Mauritius-the-Residence-300x200.jpg\" alt=\"\" width=\"300\" height=\"200\" srcset=\"https:\/\/jusprev.org.br\/backup\/wp-content\/uploads\/2019\/10\/Mauritius-the-Residence-300x200.jpg 300w, https:\/\/jusprev.org.br\/backup\/wp-content\/uploads\/2019\/10\/Mauritius-the-Residence-768x512.jpg 768w, https:\/\/jusprev.org.br\/backup\/wp-content\/uploads\/2019\/10\/Mauritius-the-Residence.jpg 910w\" sizes=\"auto, (max-width: 300px) 100vw, 300px\" \/><\/p>\n<p><strong>LOS CABOS, LAS VENTANAS AL PARA\u00cdSO<\/strong><\/p>\n<p>O multipremiado resort e refer\u00eancia mundial em inova\u00e7\u00e3o de servi\u00e7os e atendimento ao cliente, Las Ventanas al Mar \u00e9 desejo de consumo dos viajantes mais exigentes. Imagine um inesquec\u00edvel jantar na v\u00e9spera de Natal com vista privilegiada para o Mar de Cortez e o olhar das crian\u00e7as ao testemunhar a chegada do Papai Noel no dia de Natal. Na festa de passagem do ano, o resort mexicano apresenta m\u00fasica ao vivo, fogos de artif\u00edcio e uma comemora\u00e7\u00e3o deslumbrante.<\/p>\n<p>Durante as f\u00e9rias, um &#8220;kids club&#8221; do Rosewood Explorers estar\u00e1 dispon\u00edvel para crian\u00e7as, e o resort sediar\u00e1 uma incr\u00edvel variedade de eventos e atividades para visitantes de todas as idades.<\/p>\n<p><img loading=\"lazy\" decoding=\"async\" class=\"aligncenter size-medium wp-image-13229\" src=\"https:\/\/jusprev.org.br\/backup\/wp-content\/uploads\/2019\/10\/Las-Ventanas-2-300x300.jpg\" alt=\"\" width=\"300\" height=\"300\" srcset=\"https:\/\/jusprev.org.br\/backup\/wp-content\/uploads\/2019\/10\/Las-Ventanas-2-300x300.jpg 300w, https:\/\/jusprev.org.br\/backup\/wp-content\/uploads\/2019\/10\/Las-Ventanas-2-150x150.jpg 150w, https:\/\/jusprev.org.br\/backup\/wp-content\/uploads\/2019\/10\/Las-Ventanas-2-768x768.jpg 768w, https:\/\/jusprev.org.br\/backup\/wp-content\/uploads\/2019\/10\/Las-Ventanas-2.jpg 960w\" sizes=\"auto, (max-width: 300px) 100vw, 300px\" \/><\/p>\n<p><img loading=\"lazy\" decoding=\"async\" class=\"aligncenter size-medium wp-image-13225\" src=\"https:\/\/jusprev.org.br\/backup\/wp-content\/uploads\/2019\/10\/Las-Ventanas-1-300x300.jpg\" alt=\"\" width=\"300\" height=\"300\" srcset=\"https:\/\/jusprev.org.br\/backup\/wp-content\/uploads\/2019\/10\/Las-Ventanas-1-300x300.jpg 300w, https:\/\/jusprev.org.br\/backup\/wp-content\/uploads\/2019\/10\/Las-Ventanas-1-150x150.jpg 150w, https:\/\/jusprev.org.br\/backup\/wp-content\/uploads\/2019\/10\/Las-Ventanas-1-768x768.jpg 768w, https:\/\/jusprev.org.br\/backup\/wp-content\/uploads\/2019\/10\/Las-Ventanas-1.jpg 960w\" sizes=\"auto, (max-width: 300px) 100vw, 300px\" \/><\/p>\n<p>&nbsp;<\/p>\n<p><a href=\"https:\/\/www.mandarinoriental.com\/canouan\/pink-sand-beach\/luxury-hotel?htl=MOCAN&amp;kw=MOCAN&amp;eng=google&amp;src=local\"><strong>CANOUAN, MANDARIN ORIENTAL<\/strong><\/a><\/p>\n<p>O Mandarin Oriental, Canouan oferece aos h\u00f3spedes experi\u00eancias especiais para celebrar o per\u00edodo de Natal e Ano Novo, incluindo uma oportunidade de testemunhar a libera\u00e7\u00e3o de tartarugas no mar. Com vista para as \u00e1guas quentes e azul-turquesa da Ba\u00eda Carenage, protegidas por um dos maiores recifes de coral do Caribe, o cen\u00e1rio tropical sonhador do resort oferece o local perfeito para desfrutar das maravilhas de Canouan. As instala\u00e7\u00f5es cinco estrelas, incluindo um Kids Club, combinadas com uma s\u00e9rie de eventos sazonais especiais, agradar\u00e3o fam\u00edlias e casais que procuram algo fora do comum.<\/p>\n<p>O lan\u00e7amento das tartarugas \u00e9 uma das muitas ocasi\u00f5es festivas que ocorrem no resort entre 19 de dezembro de 2019 a 5 de janeiro de 2020, incluindo experi\u00eancias especiais de bem-estar e culin\u00e1ria. Est\u00e3o programados diariamente at\u00e9 nove eventos distintos, incluindo jantares preparados por chefes convidados, cruzeiros ao p\u00f4r do sol, vela, observa\u00e7\u00e3o das estrelas e muito mais. Um glamuroso jantar de gala ser\u00e1 realizado na v\u00e9spera de Ano Novo.<\/p>\n<p><img loading=\"lazy\" decoding=\"async\" class=\"wp-image-13226 aligncenter\" src=\"https:\/\/jusprev.org.br\/backup\/wp-content\/uploads\/2019\/10\/MO-Canouan.jpg\" alt=\"\" width=\"380\" height=\"252\" srcset=\"https:\/\/jusprev.org.br\/backup\/wp-content\/uploads\/2019\/10\/MO-Canouan.jpg 960w, https:\/\/jusprev.org.br\/backup\/wp-content\/uploads\/2019\/10\/MO-Canouan-300x199.jpg 300w, https:\/\/jusprev.org.br\/backup\/wp-content\/uploads\/2019\/10\/MO-Canouan-768x510.jpg 768w\" sizes=\"auto, (max-width: 380px) 100vw, 380px\" \/><\/p>\n<p>&nbsp;<\/p>\n<p style=\"text-align: center;\"><strong>RESTAURANTES SUL-AMERICANOS NO BRASIL<\/strong><\/p>\n<p style=\"text-align: center;\">Vamos viajar pelos sabores sul-americanos em restaurantes de norte a sul do Brasil<strong>\u00a0<\/strong><\/p>\n<p><a href=\"https:\/\/jacarandabr.com.br\/\"><strong>Jacarand\u00e1, S\u00e3o Paulo<\/strong><\/a><\/p>\n<p>Sob a frondosa copa de um jacarand\u00e1 ou no elegante sal\u00e3o, voc\u00ea pode provar cl\u00e1ssicos Jacarand\u00e1, org\u00e2nicos e carnes direto da grelha. O card\u00e1pio com forte inspira\u00e7\u00e3o latina e sul-americana, recheado de sabores intensos e ingredientes fresqu\u00edssimos e selecionados, da mais alta qualidade, desde as cl\u00e1ssicas empanadas argentinas, todo o sabor e textura do \u201cNosso cl\u00e1ssico Terra e Mar\u201d, Arroz de camar\u00e3o e porco com cogumelos org\u00e2nicos e parmes\u00e3o, ou cortes argentinos tradicionais e de excelente proced\u00eancia, como o Ojo de Bife Angus, cl\u00e1ssico corte argentino de 300 gramas, pur\u00ea de batata r\u00fastico com alho assado e br\u00f3colis ramoso na manteiga.<\/p>\n<p>&nbsp;<\/p>\n<p><a href=\"http:\/\/www.lacarioca.com.br\/\"><strong>La Carioca, Cevicheria &amp; Pisco Bar, Rio de Janeiro<\/strong><\/a><\/p>\n<p>Em dois endere\u00e7os, no Jardim Bot\u00e2nico e em Ipanema, o restaurante La Carioca aposta em comida peruana a la carioca e brinca com as possibilidades de marinados, pimentas e frutos do mar. Serve os famosos ceviches peruanos e outros pratos t\u00edpicos em ambiente descontra\u00eddo ao som de m\u00fasica latina, chorinho e samba. Pulpo Andino, o crocante polvo acompanhado de salada de batatas e piment\u00f5es, \u00e9 sucesso no card\u00e1pio, assim como os tradicionais tiraditos e lomo saltado. Para acompanhar, pe\u00e7a o ic\u00f4nico Pisco Sour e sinta-se numa viagem ao Peru.<\/p>\n<p>&nbsp;<\/p>\n<p><a href=\"https:\/\/www.facebook.com\/inkabh\/\"><strong>Inka, Peruano e Japon\u00eas, Belo Horizonte<\/strong><\/a><\/p>\n<p>Pioneiro em culin\u00e1ria andina em Belo Horizonte, o Inka oferece um card\u00e1pio variado de pratos peruanos e japoneses, sob os cuidados do chef consultor peruano Pierre Sablich, que traz os temperos t\u00edpicos como as pimentas aj\u00ed amarillo, aj\u00ed panca e rocoto para a elabora\u00e7\u00e3o das receitas, ao lado do cereal que ganhou fama no mundo, a quinoa. E como os restaurantes peruanos precisam de estrutura especial para preparar ceviches, acaba facilitando a incorpora\u00e7\u00e3o da culin\u00e1ria japonesa, tamb\u00e9m presente no menu.<\/p>\n<p>&nbsp;<\/p>\n<p><a href=\"http:\/\/lastablasbr.com.br\/\"><strong>Las Tablas, Curitiba<\/strong><\/a><\/p>\n<p>Vencedor do Pr\u00eamio de Melhor Carne pelo Festival Bom Gourmet \u2013 Gazeta do Povo em 2018, Las Tablas \u00e9 um lugar para saborear a aut\u00eantica parrilla porte\u00f1a em ambiente tradicional, decorado com quadros e pe\u00e7as originais de Buenos Aires. Os pratos seguem a tradi\u00e7\u00e3o argentina do corte da carne at\u00e9 chegar \u00e0 mesa servidos em t\u00e1buas, o que deu origem ao nome do restaurante. A carta de vinhos e drinks foi pensada para harmonizar perfeitamente com os pratos. N\u00e3o deixe de experimentar o corte Ojo del Bife.<\/p>\n<p><img loading=\"lazy\" decoding=\"async\" class=\"aligncenter size-medium wp-image-13233\" src=\"https:\/\/jusprev.org.br\/backup\/wp-content\/uploads\/2019\/10\/Las-Tablas-300x245.jpeg\" alt=\"\" width=\"300\" height=\"245\" srcset=\"https:\/\/jusprev.org.br\/backup\/wp-content\/uploads\/2019\/10\/Las-Tablas-300x245.jpeg 300w, https:\/\/jusprev.org.br\/backup\/wp-content\/uploads\/2019\/10\/Las-Tablas-768x628.jpeg 768w, https:\/\/jusprev.org.br\/backup\/wp-content\/uploads\/2019\/10\/Las-Tablas-1024x837.jpeg 1024w, https:\/\/jusprev.org.br\/backup\/wp-content\/uploads\/2019\/10\/Las-Tablas.jpeg 1280w\" sizes=\"auto, (max-width: 300px) 100vw, 300px\" \/><\/p>\n<p><img loading=\"lazy\" decoding=\"async\" class=\"aligncenter size-medium wp-image-13234\" src=\"https:\/\/jusprev.org.br\/backup\/wp-content\/uploads\/2019\/10\/Las-Tablas-2-300x300.jpg\" alt=\"\" width=\"300\" height=\"300\" srcset=\"https:\/\/jusprev.org.br\/backup\/wp-content\/uploads\/2019\/10\/Las-Tablas-2-300x300.jpg 300w, https:\/\/jusprev.org.br\/backup\/wp-content\/uploads\/2019\/10\/Las-Tablas-2-150x150.jpg 150w, https:\/\/jusprev.org.br\/backup\/wp-content\/uploads\/2019\/10\/Las-Tablas-2-768x768.jpg 768w, https:\/\/jusprev.org.br\/backup\/wp-content\/uploads\/2019\/10\/Las-Tablas-2.jpg 960w\" sizes=\"auto, (max-width: 300px) 100vw, 300px\" \/><\/p>\n<p>&nbsp;<\/p>\n<p><strong>COMO ESCOLHER UM SEGURO VIAGEM BARATO E CONFI\u00c1VEL<\/strong><\/p>\n<p><strong>Compare diferentes planos de seguros viagem<\/strong><\/p>\n<p>Utilize buscadores para fazer uma compara\u00e7\u00e3o detalhada de maneira r\u00e1pida e f\u00e1cil os pre\u00e7os de diferentes de seguros ofertados, analisando qual possui o melhor custo benef\u00edcio para a sua viagem. Dois grandes comparadores s\u00e3o o <a href=\"http:\/\/spromo.com.br\/?utm_source=link_seguros_home&amp;utm_medium=afiliado&amp;pcrslug=acamminare\">SegurosPromo<\/a> e o <a href=\"https:\/\/www.seguroviagem.srv.br\/\">RealSeguroViagem<\/a>.<\/p>\n<p>Al\u00e9m disso, pesquise pelos custos de alguns procedimentos m\u00e9dicos no pa\u00eds de destino, como o custo de uma consulta m\u00e9dica, di\u00e1ria no hospital e interven\u00e7\u00e3o cir\u00fargica.<\/p>\n<p>&nbsp;<\/p>\n<p><strong>Veja os detalhes das coberturas do seguro viagem de cada plano<\/strong><\/p>\n<p>Pesquise pelos custos de alguns procedimentos m\u00e9dicos no pa\u00eds de destino, como o custo de uma consulta m\u00e9dica, di\u00e1ria no hospital e interven\u00e7\u00e3o cir\u00fargica. Assim, voc\u00ea ter\u00e1 uma no\u00e7\u00e3o do quanto poder\u00e1 precisar desembolsar caso ocorra uma eventualidade.<\/p>\n<p>Analise com calma todas as coberturas oferecidas pelo seguro escolhido. Se voc\u00ea pretende fazer uma viagem para praticar esportes e desfrutar de novas experi\u00eancias como safaris, surf ou correr maratonas pelo mundo, fique de olho na cobertura que o seguro viagem oferece para eventos desse tipo.<\/p>\n<p>&nbsp;<\/p>\n<p><strong>Veja se o seguro est\u00e1 adaptado ao perfil de sua viagem<\/strong><\/p>\n<p>Na hora de escolher o plano de seguro viagem, tenha em mente o roteiro que voc\u00ea pretende realizar e as atividades que pretende fazer em seu destino. Viagem com as crian\u00e7as, pr\u00e1tica de esportes, interc\u00e2mbio, viagem de neg\u00f3cio, f\u00e9rias com a fam\u00edlia. Cada viagem requer um tipo de seguro.<\/p>\n<p>&nbsp;<\/p>\n<p><strong>Utilize um cupom de desconto<\/strong><\/p>\n<p>Voc\u00ea pode deixar seu seguro viagem mais barato utilizando um cupom de desconto. Com o cupom ACAMMINARE5, voc\u00ea garante 5% de desconto na contrata\u00e7\u00e3o do seu seguro viagem com a <a href=\"http:\/\/spromo.com.br\/?utm_source=link_seguros_home&amp;utm_medium=afiliado&amp;pcrslug=acamminare\">SegurosPromo<\/a>\u00a0.<\/p>\n<p>&nbsp;<\/p>\n<p><strong>Escolha pagar via boleto banc\u00e1rio<\/strong><\/p>\n<p>Optar pelo pagamento via boleto \u00e9 outra dica para deixar seu seguro viagem mais barato, alguns buscadores oferecem mais 5% de desconto ao escolher esse m\u00e9todo de pagamento.<\/p>\n<p>&nbsp;<\/p>\n<p><strong>Viaja com frequ\u00eancia? O seguro viagem anual pode ser a melhor op\u00e7\u00e3o<\/strong><\/p>\n<p>Voc\u00ea n\u00e3o precisar contratar um seguro para cada viagem internacional que realizar. Com um plano de Seguro Viagem Anual Multi Trip, voc\u00ea pode ter at\u00e9 60% de economia.<\/p>\n<p>O Seguro Viagem Anual atende \u00e0s exig\u00eancias burocr\u00e1ticas de todos os pa\u00edses, sendo v\u00e1lido em qualquer parte do mundo. Assim, voc\u00ea garante cobertura para viagens de at\u00e9 30 ou 60 dias de dura\u00e7\u00e3o, dependendo do plano contratado, durante o ano todo.<\/p>\n<p>&nbsp;<\/p>\n<p>Consulte-nos para pedir um or\u00e7amento e personalizar sua viagem. Somos especialistas em desenhar viagens customizadas para cada perfil de cliente.<\/p>\n<p><a href=\"https:\/\/api.whatsapp.com\/send?1=pt_BR&amp;phone=5511999892862\">Clique aqui<\/a> para enviar mensagem por Whatsapp ou contate-nos por email adri.lage@maktubviagensespeciais.com.<\/p>\n<p>&nbsp;<\/p>\n<p style=\"text-align: center;\"><strong>Excelentes viagens e momentos \u00fanicos,<\/strong><\/p>\n<p style=\"text-align: center;\"><strong><a href=\"https:\/\/www.instagram.com\/adri.lage\/\">Adriana Lage<\/a><\/strong><\/p>\n<p style=\"text-align: center;\"><strong><a href=\"https:\/\/www.yumpu.com\/pt\/document\/read\/62643600\/a-camminare-traveller-ed-02\">Leia a revista aqui<\/a><\/strong><\/p>\n<p><strong>\u00a0<\/strong><\/p>\n","protected":false},"excerpt":{"rendered":"<p>[Por Adriana Lage] Fim do ano se aproxima e os olhos se voltam para as festas de Natal e Ano Novo. Vamos dar um giro pelo mundo com inspira\u00e7\u00f5es de&#8230;<\/p>\n","protected":false},"author":1,"featured_media":13225,"comment_status":"open","ping_status":"closed","sticky":false,"template":"","format":"standard","meta":{"footnotes":""},"categories":[50,52],"tags":[],"class_list":["post-13182","post","type-post","status-publish","format-standard","has-post-thumbnail","hentry","category-clube_de_vantagens","category-destaque"],"_links":{"self":[{"href":"https:\/\/jusprev.org.br\/backup\/wp-json\/wp\/v2\/posts\/13182","targetHints":{"allow":["GET"]}}],"collection":[{"href":"https:\/\/jusprev.org.br\/backup\/wp-json\/wp\/v2\/posts"}],"about":[{"href":"https:\/\/jusprev.org.br\/backup\/wp-json\/wp\/v2\/types\/post"}],"author":[{"embeddable":true,"href":"https:\/\/jusprev.org.br\/backup\/wp-json\/wp\/v2\/users\/1"}],"replies":[{"embeddable":true,"href":"https:\/\/jusprev.org.br\/backup\/wp-json\/wp\/v2\/comments?post=13182"}],"version-history":[{"count":10,"href":"https:\/\/jusprev.org.br\/backup\/wp-json\/wp\/v2\/posts\/13182\/revisions"}],"predecessor-version":[{"id":13251,"href":"https:\/\/jusprev.org.br\/backup\/wp-json\/wp\/v2\/posts\/13182\/revisions\/13251"}],"wp:featuredmedia":[{"embeddable":true,"href":"https:\/\/jusprev.org.br\/backup\/wp-json\/wp\/v2\/media\/13225"}],"wp:attachment":[{"href":"https:\/\/jusprev.org.br\/backup\/wp-json\/wp\/v2\/media?parent=13182"}],"wp:term":[{"taxonomy":"category","embeddable":true,"href":"https:\/\/jusprev.org.br\/backup\/wp-json\/wp\/v2\/categories?post=13182"},{"taxonomy":"post_tag","embeddable":true,"href":"https:\/\/jusprev.org.br\/backup\/wp-json\/wp\/v2\/tags?post=13182"}],"curies":[{"name":"wp","href":"https:\/\/api.w.org\/{rel}","templated":true}]}}