{"id":13185,"date":"2019-10-31T14:45:51","date_gmt":"2019-10-31T17:45:51","guid":{"rendered":"https:\/\/jusprev.org.br\/backup\/?p=13185"},"modified":"2019-10-31T15:02:59","modified_gmt":"2019-10-31T18:02:59","slug":"artigo-um-olhar-sobre-previdencia-complementar","status":"publish","type":"post","link":"https:\/\/jusprev.org.br\/backup\/artigo-um-olhar-sobre-previdencia-complementar\/","title":{"rendered":"Artigo: Um olhar sobre previd\u00eancia complementar"},"content":{"rendered":"<p><em>Por Sergio Riani,\u00a0<\/em><em>Membro do Conselho Deliberativo da Jusprev\u00a0<\/em><em>e Defensor P\u00fablico \u2013 DPMG<\/em><\/p>\n<p>A Reforma da Previd\u00eancia \u00e9, sem d\u00favida, um dos temas com maior destaque no momento. E ainda que a Reforma da Previd\u00eancia n\u00e3o tenha imediato impacto em todas as carreiras jur\u00eddicas, por ter abrang\u00eancia federal, certamente ela servir\u00e1 de base para futuras reformas legislativas que n\u00e3o s\u00f3 poder\u00e3o, mas dever\u00e3o advir, modificando o que hoje est\u00e1 estabelecido para as nossas aposentadorias.<\/p>\n<p>E eu n\u00e3o tenho d\u00favida de que esta \u00e9 apenas uma de algumas reformas previdenci\u00e1rias que deveremos ter nas pr\u00f3ximas d\u00e9cadas. A quest\u00e3o se torna mais preocupante quando nos deparamos com um dado recentemente divulgado, que nos d\u00e1 conta de que apenas 1% dos aposentados no nosso pa\u00eds vivem exclusivamente com os recursos advindos da sua aposentadoria. Com todo esse cen\u00e1rio, eu proponho uma indaga\u00e7\u00e3o: o que podemos fazer para solucionar esse problema da incerteza e inseguran\u00e7a para as nossas aposentadorias?<\/p>\n<p>Nesse ponto acho pertinente discorrer sobre a minha experi\u00eancia pessoal e dizer o que me trouxe at\u00e9 a previd\u00eancia complementar fechada. Eu sou filho de dois servidores p\u00fablicos e ao longo da vida fui educado dentro de um lar extremamente conservador. Toda a minha forma\u00e7\u00e3o, portanto, foi me levando a buscar, antes de qualquer outra coisa, seguran\u00e7a! Ent\u00e3o, j\u00e1 na adolesc\u00eancia, eu havia decidido prestar concurso e me tornar servidor p\u00fablico, que naquela \u00e9poca era algo extremamente seguro.<\/p>\n<p>Eram os tempos de aposentadoria integral, com paridade. De fato, h\u00e1 poucas d\u00e9cadas se tornar servidor p\u00fablico era uma garantia ao longo da vida, com o sal\u00e1rio rigorosamente em dia na sua conta m\u00eas a m\u00eas, mas principalmente uma garantia para a velhice, quando estar\u00edamos aposentados exatamente como se estiv\u00e9ssemos na ativa. Hoje n\u00e3o \u00e9 mais assim. Ser servidor p\u00fablico deixou de ser sin\u00f4nimo de certeza e seguran\u00e7a no presente e no futuro. E esse \u00e9 um caminho sem volta. Trata-se de um fen\u00f4meno macroecon\u00f4mico.<\/p>\n<p>A nossa economia est\u00e1 passando por uma verdadeira revolu\u00e7\u00e3o atualmente. H\u00e1 at\u00e9 bem pouco tempo o nosso pa\u00eds era perfeito para investimentos conservadores, como a renda fixa. At\u00e9 h\u00e1 exatamente tr\u00eas anos, em outubro de 2016, a taxa b\u00e1sica da nossa economia, a famosa taxa selic, era de 14,25%. Hoje ela est\u00e1 em seu m\u00ednimo hist\u00f3rico, em 5,5% e h\u00e1 quem diga que at\u00e9 o final do ano ela ainda cair\u00e1 mais. Isso implica que quem desejar ter maior rentabilidade em seus investimentos, buscando inclusive preservar capital para futura aposentadoria, ter\u00e1 que buscar produtos mais ousados. N\u00e3o d\u00e1 mais para o dinheiro ficar na poupan\u00e7a, como antigamente.<\/p>\n<p>Estava claro que eu passaria por algumas reformas previdenci\u00e1rias ao longo da minha carreira e que n\u00e3o seria seguro contar apenas com o meu subs\u00eddio para a minha aposentaria. Isso me levou a me educar financeiramente, buscando aplicar melhor o dinheiro que sobrava e tamb\u00e9m perseguia uma alternativa para a minha aposentadoria. \u00c9 justamente a\u00ed que entra a previd\u00eancia complementar fechada.<\/p>\n<p>Aqui \u00e9 importante que fa\u00e7amos uma distin\u00e7\u00e3o entre a previd\u00eancia comum, que \u00e9 o regime geral de previd\u00eancia, a previd\u00eancia complementar aberta, que \u00e9 aquela oferecida pelos bancos e seguradoras e a previd\u00eancia complementar fechada, que n\u00e3o \u00e9 aberta a todo p\u00fablico, logo muito mais segura e rent\u00e1vel para o participante. A Jusprev \u00e9 um exemplo de previd\u00eancia complementar fechada.<\/p>\n<p>Logo que me decidi a buscar uma previd\u00eancia complementar fechada, procurei aquela que era a refer\u00eancia na minha \u00e1rea de atua\u00e7\u00e3o, que \u00e9 a \u00e1rea jur\u00eddica. Foi quando ent\u00e3o conheci a Jusprev, atrav\u00e9s de um tio, Flodesmidt Riani, que participou da cria\u00e7\u00e3o da institui\u00e7\u00e3o, h\u00e1 mais de uma d\u00e9cada.<\/p>\n<p>De in\u00edcio, mantendo a minha tradi\u00e7\u00e3o conservadora, iniciei bem devagar, tateando, conhecendo do que exatamente se tratava uma previd\u00eancia complementar fechada. Ap\u00f3s alguns anos, posso assegurar que foi uma decis\u00e3o muito acertada na minha vida, que impactar\u00e1 n\u00e3o somente na minha hist\u00f3ria, mas de toda a minha fam\u00edlia, principalmente meus filhos, para quem inclusive, j\u00e1 fiz uma previd\u00eancia complementar para cada um desde o nascimento, tamb\u00e9m na Jusprev.<\/p>\n<p>Hoje \u00e9 poss\u00edvel ao participante fazer todas as simula\u00e7\u00f5es imagin\u00e1veis, prevendo quanto teremos em patrim\u00f4nio na aposentadoria, ap\u00f3s investir determinado recurso mensalmente, ao longo de 30 anos, por exemplo. \u00c9 quando ent\u00e3o verificamos o milagre dos juros compostos em nosso pa\u00eds, que mesmo com a Taxa Selic no seu m\u00ednimo hist\u00f3rico, ainda \u00e9 muito atraente.<\/p>\n<p>Me interessei tanto pelo tema, que acabei me aprofundando mais na Jusprev, estando atualmente no conselho deliberativo da institui\u00e7\u00e3o, ap\u00f3s ter passado pelo conselho fiscal, onde pude comprovar a excel\u00eancia da Jusprev, com sua governan\u00e7a extremamente respons\u00e1vel e eficiente e resultados para o participante muito favor\u00e1veis.<\/p>\n<p><img loading=\"lazy\" decoding=\"async\" class=\" wp-image-13197 aligncenter\" src=\"https:\/\/jusprev.org.br\/backup\/wp-content\/uploads\/2019\/10\/be9ee094-e0fa-4454-a94d-d92a80aefc22-1.jpg\" alt=\"\" width=\"353\" height=\"529\" srcset=\"https:\/\/jusprev.org.br\/backup\/wp-content\/uploads\/2019\/10\/be9ee094-e0fa-4454-a94d-d92a80aefc22-1.jpg 854w, https:\/\/jusprev.org.br\/backup\/wp-content\/uploads\/2019\/10\/be9ee094-e0fa-4454-a94d-d92a80aefc22-1-200x300.jpg 200w, https:\/\/jusprev.org.br\/backup\/wp-content\/uploads\/2019\/10\/be9ee094-e0fa-4454-a94d-d92a80aefc22-1-768x1151.jpg 768w, https:\/\/jusprev.org.br\/backup\/wp-content\/uploads\/2019\/10\/be9ee094-e0fa-4454-a94d-d92a80aefc22-1-683x1024.jpg 683w\" sizes=\"auto, (max-width: 353px) 100vw, 353px\" \/><\/p>\n<p style=\"text-align: center;\"><em>Doutor Sergio Riani \u00e9\u00a0<\/em><em>Membro do Conselho Deliberativo da Jusprev<br \/>\n<\/em><em>e Defensor P\u00fablico \u2013 DPMG<\/em><\/p>\n","protected":false},"excerpt":{"rendered":"<p>Por Sergio Riani,\u00a0Membro do Conselho Deliberativo da Jusprev\u00a0e Defensor P\u00fablico \u2013 DPMG A Reforma da Previd\u00eancia \u00e9, sem d\u00favida, um dos temas com maior destaque no momento. E ainda que&#8230;<\/p>\n","protected":false},"author":1,"featured_media":0,"comment_status":"open","ping_status":"closed","sticky":false,"template":"","format":"standard","meta":{"footnotes":""},"categories":[52,31],"tags":[],"class_list":["post-13185","post","type-post","status-publish","format-standard","hentry","category-destaque","category-noticias"],"_links":{"self":[{"href":"https:\/\/jusprev.org.br\/backup\/wp-json\/wp\/v2\/posts\/13185","targetHints":{"allow":["GET"]}}],"collection":[{"href":"https:\/\/jusprev.org.br\/backup\/wp-json\/wp\/v2\/posts"}],"about":[{"href":"https:\/\/jusprev.org.br\/backup\/wp-json\/wp\/v2\/types\/post"}],"author":[{"embeddable":true,"href":"https:\/\/jusprev.org.br\/backup\/wp-json\/wp\/v2\/users\/1"}],"replies":[{"embeddable":true,"href":"https:\/\/jusprev.org.br\/backup\/wp-json\/wp\/v2\/comments?post=13185"}],"version-history":[{"count":11,"href":"https:\/\/jusprev.org.br\/backup\/wp-json\/wp\/v2\/posts\/13185\/revisions"}],"predecessor-version":[{"id":13201,"href":"https:\/\/jusprev.org.br\/backup\/wp-json\/wp\/v2\/posts\/13185\/revisions\/13201"}],"wp:attachment":[{"href":"https:\/\/jusprev.org.br\/backup\/wp-json\/wp\/v2\/media?parent=13185"}],"wp:term":[{"taxonomy":"category","embeddable":true,"href":"https:\/\/jusprev.org.br\/backup\/wp-json\/wp\/v2\/categories?post=13185"},{"taxonomy":"post_tag","embeddable":true,"href":"https:\/\/jusprev.org.br\/backup\/wp-json\/wp\/v2\/tags?post=13185"}],"curies":[{"name":"wp","href":"https:\/\/api.w.org\/{rel}","templated":true}]}}