{"id":13202,"date":"2019-10-31T15:15:21","date_gmt":"2019-10-31T18:15:21","guid":{"rendered":"https:\/\/jusprev.org.br\/backup\/?p=13202"},"modified":"2019-11-04T16:37:09","modified_gmt":"2019-11-04T18:37:09","slug":"jusprev-participa-da-reuniao-do-conselho-executivo-da-anfip","status":"publish","type":"post","link":"https:\/\/jusprev.org.br\/backup\/jusprev-participa-da-reuniao-do-conselho-executivo-da-anfip\/","title":{"rendered":"Jusprev participa da reuni\u00e3o do Conselho Executivo da ANFIP"},"content":{"rendered":"<p>No \u00faltimo dia 29 de outubro, a JUSPREV esteve presente na Reuni\u00e3o do Conselho Executivo da Associa\u00e7\u00e3o Nacional dos Auditores Fiscais da Receita Federal (ANFIP), em Bras\u00edlia. O encontro \u00e9 realizado para os conselheiros e colaboradores da Associa\u00e7\u00e3o. Na ocasi\u00e3o, a gerente da Jusprev, Deborah Maggio, apresentou a Entidade e o plano de benef\u00edcios previdenci\u00e1rios e tirou d\u00favidas sobre previd\u00eancia complementar e vantagens no planejamento do futuro.\u00a0Tamb\u00e9m participou o\u00a0 presidente da ANFIP e do Col\u00e9gio de Instituidoras da Jusprev, Dr. D\u00e9cio Bruno Lopes.<\/p>\n<p>Todos os associados da ANFIP, al\u00e9m de seus familiares e indicados, podem aderir ao Planjus, o plano de benef\u00edcios previdenci\u00e1rios da Entidade.<\/p>\n<p><img loading=\"lazy\" decoding=\"async\" class=\"wp-image-13203 aligncenter\" src=\"https:\/\/jusprev.org.br\/backup\/wp-content\/uploads\/2019\/10\/reuniao_conselho_anfip.jpg\" alt=\"\" width=\"781\" height=\"439\" srcset=\"https:\/\/jusprev.org.br\/backup\/wp-content\/uploads\/2019\/10\/reuniao_conselho_anfip.jpg 1600w, https:\/\/jusprev.org.br\/backup\/wp-content\/uploads\/2019\/10\/reuniao_conselho_anfip-300x169.jpg 300w, https:\/\/jusprev.org.br\/backup\/wp-content\/uploads\/2019\/10\/reuniao_conselho_anfip-768x432.jpg 768w, https:\/\/jusprev.org.br\/backup\/wp-content\/uploads\/2019\/10\/reuniao_conselho_anfip-1024x576.jpg 1024w\" sizes=\"auto, (max-width: 781px) 100vw, 781px\" \/><\/p>\n<p>&nbsp;<\/p>\n","protected":false},"excerpt":{"rendered":"<p>No \u00faltimo dia 29 de outubro, a JUSPREV esteve presente na Reuni\u00e3o do Conselho Executivo da Associa\u00e7\u00e3o Nacional dos Auditores Fiscais da Receita Federal (ANFIP), em Bras\u00edlia. O encontro \u00e9&#8230;<\/p>\n","protected":false},"author":1,"featured_media":13203,"comment_status":"open","ping_status":"closed","sticky":false,"template":"","format":"standard","meta":{"footnotes":""},"categories":[52,31],"tags":[],"class_list":["post-13202","post","type-post","status-publish","format-standard","has-post-thumbnail","hentry","category-destaque","category-noticias"],"_links":{"self":[{"href":"https:\/\/jusprev.org.br\/backup\/wp-json\/wp\/v2\/posts\/13202","targetHints":{"allow":["GET"]}}],"collection":[{"href":"https:\/\/jusprev.org.br\/backup\/wp-json\/wp\/v2\/posts"}],"about":[{"href":"https:\/\/jusprev.org.br\/backup\/wp-json\/wp\/v2\/types\/post"}],"author":[{"embeddable":true,"href":"https:\/\/jusprev.org.br\/backup\/wp-json\/wp\/v2\/users\/1"}],"replies":[{"embeddable":true,"href":"https:\/\/jusprev.org.br\/backup\/wp-json\/wp\/v2\/comments?post=13202"}],"version-history":[{"count":4,"href":"https:\/\/jusprev.org.br\/backup\/wp-json\/wp\/v2\/posts\/13202\/revisions"}],"predecessor-version":[{"id":13250,"href":"https:\/\/jusprev.org.br\/backup\/wp-json\/wp\/v2\/posts\/13202\/revisions\/13250"}],"wp:featuredmedia":[{"embeddable":true,"href":"https:\/\/jusprev.org.br\/backup\/wp-json\/wp\/v2\/media\/13203"}],"wp:attachment":[{"href":"https:\/\/jusprev.org.br\/backup\/wp-json\/wp\/v2\/media?parent=13202"}],"wp:term":[{"taxonomy":"category","embeddable":true,"href":"https:\/\/jusprev.org.br\/backup\/wp-json\/wp\/v2\/categories?post=13202"},{"taxonomy":"post_tag","embeddable":true,"href":"https:\/\/jusprev.org.br\/backup\/wp-json\/wp\/v2\/tags?post=13202"}],"curies":[{"name":"wp","href":"https:\/\/api.w.org\/{rel}","templated":true}]}}