{"id":13255,"date":"2019-11-08T14:28:12","date_gmt":"2019-11-08T17:28:12","guid":{"rendered":"https:\/\/jusprev.org.br\/backup\/?p=13255"},"modified":"2019-11-08T16:26:29","modified_gmt":"2019-11-08T19:26:29","slug":"jusprev-participa-de-curso-sobre-a-lei-geral-de-protecao-de-dados","status":"publish","type":"post","link":"https:\/\/jusprev.org.br\/backup\/jusprev-participa-de-curso-sobre-a-lei-geral-de-protecao-de-dados\/","title":{"rendered":"Jusprev participa de curso sobre a Lei Geral de Prote\u00e7\u00e3o de Dados"},"content":{"rendered":"<p>A Uniabrapp \u2013 Universidade Corporativa de Previd\u00eancia Complementar \u2013 realizou nesta quinta-feira (07\/11), em S\u00e3o Paulo, o curso sobre \u201cImpactos e Aplica\u00e7\u00e3o da Lei Geral de Prote\u00e7\u00e3o de Dados \u00e0s EFPC\u201d. A JUSPREV esteve presente, com a participa\u00e7\u00e3o da gerente da Entidade, Deborah Maggio. O curso teve como objetivo fornecer um panorama sobre a nova legisla\u00e7\u00e3o brasileira de prote\u00e7\u00e3o de dados pessoais (LGPD), compreendendo os temas mais importantes para a sua implementa\u00e7\u00e3o.<\/p>\n<p>Um grupo de trabalho foi formado na JUSPREV para seguir as determina\u00e7\u00f5es e adapta\u00e7\u00f5es necess\u00e1rias para atender \u00e0 nova lei. A LGPD passar\u00e1 a valer j\u00e1 no pr\u00f3xim ano, a partir de 16 de agosto de 2020.<\/p>\n<p><img loading=\"lazy\" decoding=\"async\" class=\"aligncenter wp-image-13257\" src=\"https:\/\/jusprev.org.br\/backup\/wp-content\/uploads\/2019\/11\/site_foto_curso_LGPD.jpg\" alt=\"\" width=\"628\" height=\"444\" srcset=\"https:\/\/jusprev.org.br\/backup\/wp-content\/uploads\/2019\/11\/site_foto_curso_LGPD.jpg 713w, https:\/\/jusprev.org.br\/backup\/wp-content\/uploads\/2019\/11\/site_foto_curso_LGPD-300x212.jpg 300w\" sizes=\"auto, (max-width: 628px) 100vw, 628px\" \/><\/p>\n<p style=\"text-align: center;\"><em>Deborah Maggio, gerente da JUSPREV, durante o curso da Uniabrapp<\/em><\/p>\n<p>&nbsp;<\/p>\n<p><strong>\u00a0<\/strong><\/p>\n","protected":false},"excerpt":{"rendered":"<p>A Uniabrapp \u2013 Universidade Corporativa de Previd\u00eancia Complementar \u2013 realizou nesta quinta-feira (07\/11), em S\u00e3o Paulo, o curso sobre \u201cImpactos e Aplica\u00e7\u00e3o da Lei Geral de Prote\u00e7\u00e3o de Dados \u00e0s&#8230;<\/p>\n","protected":false},"author":1,"featured_media":13256,"comment_status":"open","ping_status":"closed","sticky":false,"template":"","format":"standard","meta":{"footnotes":""},"categories":[52,31],"tags":[],"class_list":["post-13255","post","type-post","status-publish","format-standard","has-post-thumbnail","hentry","category-destaque","category-noticias"],"_links":{"self":[{"href":"https:\/\/jusprev.org.br\/backup\/wp-json\/wp\/v2\/posts\/13255","targetHints":{"allow":["GET"]}}],"collection":[{"href":"https:\/\/jusprev.org.br\/backup\/wp-json\/wp\/v2\/posts"}],"about":[{"href":"https:\/\/jusprev.org.br\/backup\/wp-json\/wp\/v2\/types\/post"}],"author":[{"embeddable":true,"href":"https:\/\/jusprev.org.br\/backup\/wp-json\/wp\/v2\/users\/1"}],"replies":[{"embeddable":true,"href":"https:\/\/jusprev.org.br\/backup\/wp-json\/wp\/v2\/comments?post=13255"}],"version-history":[{"count":3,"href":"https:\/\/jusprev.org.br\/backup\/wp-json\/wp\/v2\/posts\/13255\/revisions"}],"predecessor-version":[{"id":13267,"href":"https:\/\/jusprev.org.br\/backup\/wp-json\/wp\/v2\/posts\/13255\/revisions\/13267"}],"wp:featuredmedia":[{"embeddable":true,"href":"https:\/\/jusprev.org.br\/backup\/wp-json\/wp\/v2\/media\/13256"}],"wp:attachment":[{"href":"https:\/\/jusprev.org.br\/backup\/wp-json\/wp\/v2\/media?parent=13255"}],"wp:term":[{"taxonomy":"category","embeddable":true,"href":"https:\/\/jusprev.org.br\/backup\/wp-json\/wp\/v2\/categories?post=13255"},{"taxonomy":"post_tag","embeddable":true,"href":"https:\/\/jusprev.org.br\/backup\/wp-json\/wp\/v2\/tags?post=13255"}],"curies":[{"name":"wp","href":"https:\/\/api.w.org\/{rel}","templated":true}]}}