{"id":13261,"date":"2019-11-08T16:24:33","date_gmt":"2019-11-08T19:24:33","guid":{"rendered":"https:\/\/jusprev.org.br\/backup\/?p=13261"},"modified":"2019-11-08T17:10:54","modified_gmt":"2019-11-08T20:10:54","slug":"palestra-sobre-a-jusprev-e-realizada-no-conafe","status":"publish","type":"post","link":"https:\/\/jusprev.org.br\/backup\/palestra-sobre-a-jusprev-e-realizada-no-conafe\/","title":{"rendered":"Palestra sobre a Jusprev \u00e9 realizada no CONAFE"},"content":{"rendered":"<p>O Congresso Nacional dos Advogados P\u00fablicos Federais acontece entre os dias 07 e 09 de novembro, na Praia do Forte, Bahia. O evento \u00e9 realizado anualmente como forma de integra\u00e7\u00e3o, aperfei\u00e7oamento jur\u00eddico e dissemina\u00e7\u00e3o do papel da Advocacia P\u00fablica Federal na efetiva\u00e7\u00e3o de pol\u00edticas p\u00fablicas. \u00c9 promovido pela ANAFE, Associa\u00e7\u00e3o Nacional dos Advogados P\u00fablicos Federais, que \u00e9 uma das Instituidoras da Jusprev.<\/p>\n<p>Nesta sexta-feira, dia 08\/11, a Diretora-Presidente da Jusprev, Dra. Antonia L\u00e9lia Neves Sanches, apresentou a Entidade para os participantes do evento. Abordou as vantagens da ades\u00e3o ao Planjus, que \u00e9 o plano de benef\u00edcios previdenci\u00e1rios da Jusprev.<\/p>\n<p>Atualmente, a Jusprev \u00e9 a maior uni\u00e3o formal de Associa\u00e7\u00f5es de Carreiras Jur\u00eddicas P\u00fablicas e de Auditores Fiscais da Receita Federal do Brasil. \u00c9 uma entidade nacional, com mais de 3 mil participantes. Administra um patrim\u00f4nio previdenci\u00e1rio de mais de 260 milh\u00f5es. Al\u00e9m da Anafe, outras 84 Associa\u00e7\u00f5es fazem parte do Col\u00e9gio de Instituidoras da Jusprev.<\/p>\n<p><img loading=\"lazy\" decoding=\"async\" class=\"aligncenter wp-image-13263\" src=\"https:\/\/jusprev.org.br\/backup\/wp-content\/uploads\/2019\/11\/8f1ed06e-8d5e-4edf-97cb-8026742e5fbd-1024x473.jpg\" alt=\"\" width=\"766\" height=\"354\" srcset=\"https:\/\/jusprev.org.br\/backup\/wp-content\/uploads\/2019\/11\/8f1ed06e-8d5e-4edf-97cb-8026742e5fbd-1024x473.jpg 1024w, https:\/\/jusprev.org.br\/backup\/wp-content\/uploads\/2019\/11\/8f1ed06e-8d5e-4edf-97cb-8026742e5fbd-300x139.jpg 300w, https:\/\/jusprev.org.br\/backup\/wp-content\/uploads\/2019\/11\/8f1ed06e-8d5e-4edf-97cb-8026742e5fbd-768x355.jpg 768w, https:\/\/jusprev.org.br\/backup\/wp-content\/uploads\/2019\/11\/8f1ed06e-8d5e-4edf-97cb-8026742e5fbd.jpg 1032w\" sizes=\"auto, (max-width: 766px) 100vw, 766px\" \/><\/p>\n<p style=\"text-align: center;\">Dra. Antonia L\u00e9lia Neves Sanches, Diretora-Presidente da Jusprev, durante palestra no CONAFE 2019<\/p>\n","protected":false},"excerpt":{"rendered":"<p>O Congresso Nacional dos Advogados P\u00fablicos Federais acontece entre os dias 07 e 09 de novembro, na Praia do Forte, Bahia. O evento \u00e9 realizado anualmente como forma de integra\u00e7\u00e3o,&#8230;<\/p>\n","protected":false},"author":1,"featured_media":13263,"comment_status":"open","ping_status":"closed","sticky":false,"template":"","format":"standard","meta":{"footnotes":""},"categories":[52,31],"tags":[],"class_list":["post-13261","post","type-post","status-publish","format-standard","has-post-thumbnail","hentry","category-destaque","category-noticias"],"_links":{"self":[{"href":"https:\/\/jusprev.org.br\/backup\/wp-json\/wp\/v2\/posts\/13261","targetHints":{"allow":["GET"]}}],"collection":[{"href":"https:\/\/jusprev.org.br\/backup\/wp-json\/wp\/v2\/posts"}],"about":[{"href":"https:\/\/jusprev.org.br\/backup\/wp-json\/wp\/v2\/types\/post"}],"author":[{"embeddable":true,"href":"https:\/\/jusprev.org.br\/backup\/wp-json\/wp\/v2\/users\/1"}],"replies":[{"embeddable":true,"href":"https:\/\/jusprev.org.br\/backup\/wp-json\/wp\/v2\/comments?post=13261"}],"version-history":[{"count":3,"href":"https:\/\/jusprev.org.br\/backup\/wp-json\/wp\/v2\/posts\/13261\/revisions"}],"predecessor-version":[{"id":13268,"href":"https:\/\/jusprev.org.br\/backup\/wp-json\/wp\/v2\/posts\/13261\/revisions\/13268"}],"wp:featuredmedia":[{"embeddable":true,"href":"https:\/\/jusprev.org.br\/backup\/wp-json\/wp\/v2\/media\/13263"}],"wp:attachment":[{"href":"https:\/\/jusprev.org.br\/backup\/wp-json\/wp\/v2\/media?parent=13261"}],"wp:term":[{"taxonomy":"category","embeddable":true,"href":"https:\/\/jusprev.org.br\/backup\/wp-json\/wp\/v2\/categories?post=13261"},{"taxonomy":"post_tag","embeddable":true,"href":"https:\/\/jusprev.org.br\/backup\/wp-json\/wp\/v2\/tags?post=13261"}],"curies":[{"name":"wp","href":"https:\/\/api.w.org\/{rel}","templated":true}]}}