{"id":13280,"date":"2019-11-20T10:20:40","date_gmt":"2019-11-20T13:20:40","guid":{"rendered":"https:\/\/jusprev.org.br\/backup\/?p=13280"},"modified":"2019-11-20T10:34:48","modified_gmt":"2019-11-20T13:34:48","slug":"membro-do-conselho-deliberativo-da-jusprev-toma-posse","status":"publish","type":"post","link":"https:\/\/jusprev.org.br\/backup\/membro-do-conselho-deliberativo-da-jusprev-toma-posse\/","title":{"rendered":"Membro do Conselho Deliberativo da Jusprev toma posse"},"content":{"rendered":"<p style=\"text-align: center;\"><em>Dr. Ricardo Alexandre da Silva Costa assume o pleito pelos pr\u00f3ximos quatro anos<\/em><\/p>\n<p>Tomou posse nesta ter\u00e7a-feira, dia 19\/11, o membro eleito para o Conselho Deliberativo da Jusprev 2019\/2023, Dr. Ricardo Alexandre da Silva Costa. O assinatura do termo de posse foi realizada na sede administrativa da Entidade, em Curitiba (PR). O conselheiro foi indicado pela Associa\u00e7\u00e3o Cearense de Magistrados, conforme a Ata da Reuni\u00e3o do Conselho Deliberativo, que foi realizadao no dia 15 de mar\u00e7o de 2019.<\/p>\n<p>&#8220;\u00c9 com muita responsabilidade que assumo essa honrosa tarefa de compor o Conselho Deliberativo da Jusprev. O crescimento s\u00f3lido e cont\u00ednuo da entidade contar\u00e1 com meu esfor\u00e7o nos pr\u00f3ximos 4 anos\u201d, destacou Dr. Ricardo Costa.<\/p>\n<p>O Conselho Deliberativo da Jusprev \u00e9 o \u00f3rg\u00e3o superior respons\u00e1vel pela defini\u00e7\u00e3o das pol\u00edticas gerais da administra\u00e7\u00e3o da Entidade e do plano de benef\u00edcios. \u00c9 composto por um Presidente e um Vice-Presidente, al\u00e9m de quatro Conselheiros Efetivos e seis Conselheiros Suplentes. Os membros s\u00e3o indicados pelas Associa\u00e7\u00f5es Instituidoras e eleitos pelas Associa\u00e7\u00f5es, participantes e assistidos da Entidade, em elei\u00e7\u00e3o realizada a cada quatro anos.<\/p>\n<p><strong>O Conselho Deliberativo da Jusprev \u00e9 composto atualmente pelos seguintes membros:<\/strong><\/p>\n<p>Presidente &#8211;\u00a0Luiz Antonio Ferreira de Ara\u00fajo<\/p>\n<p>Vice-Presidente &#8211; Luiz Felipe de Miranda Cheib<\/p>\n<p>Conselheiro Titular &#8211; Geraldo Luiz Ribeiro<\/p>\n<p>Conselheiro Titular &#8211; Vilson Antonio Romero<\/p>\n<p>Conselheiro Titular &#8211; Fabio Costa Gonzaga<\/p>\n<p>Conselheiro Titular &#8211; Lineu Bonora Peinado<\/p>\n<p>Conselheiro Suplente &#8211; Marcelo Crisanto Souto Maior<\/p>\n<p>Conselheiro Suplente &#8211; Fabr\u00edcio Dias Braga de Sousa<\/p>\n<p>Conselheira Suplente &#8211; Camila Gabriela Greber Caldas<\/p>\n<p>Conselheiro Suplente &#8211; Ricardo Alexandre da Silva Costa<\/p>\n<p>Conselheiro Suplente &#8211; Marcelino Rodrigues Mendes Filho<\/p>\n<p>Conselheiro Suplente &#8211; Sergio Augusto Riani<\/p>\n<p><a href=\"https:\/\/jusprev.org.br\/backup\/conheca-jusprev\/\">Conhe\u00e7a a estrutura organizacional completa aqui.\u00a0<\/a><\/p>\n<p>&nbsp;<\/p>\n<p><img loading=\"lazy\" decoding=\"async\" class=\"alignleft wp-image-13281\" src=\"https:\/\/jusprev.org.br\/backup\/wp-content\/uploads\/2019\/11\/Conselho_posse.jpeg\" alt=\"\" width=\"320\" height=\"427\" srcset=\"https:\/\/jusprev.org.br\/backup\/wp-content\/uploads\/2019\/11\/Conselho_posse.jpeg 780w, https:\/\/jusprev.org.br\/backup\/wp-content\/uploads\/2019\/11\/Conselho_posse-225x300.jpeg 225w, https:\/\/jusprev.org.br\/backup\/wp-content\/uploads\/2019\/11\/Conselho_posse-768x1024.jpeg 768w\" sizes=\"auto, (max-width: 320px) 100vw, 320px\" \/><\/p>\n<p style=\"text-align: center;\"><strong><em>Dr. Ricardo Alexandre da Silva Costa, durante assinatura do termo de posse, nesta ter\u00e7a-feira (19\/11)<\/em><\/strong><\/p>\n<p>&nbsp;<\/p>\n","protected":false},"excerpt":{"rendered":"<p>Dr. Ricardo Alexandre da Silva Costa assume o pleito pelos pr\u00f3ximos quatro anos Tomou posse nesta ter\u00e7a-feira, dia 19\/11, o membro eleito para o Conselho Deliberativo da Jusprev 2019\/2023, Dr&#8230;.<\/p>\n","protected":false},"author":1,"featured_media":13284,"comment_status":"open","ping_status":"closed","sticky":false,"template":"","format":"standard","meta":{"footnotes":""},"categories":[52,31],"tags":[],"class_list":["post-13280","post","type-post","status-publish","format-standard","has-post-thumbnail","hentry","category-destaque","category-noticias"],"_links":{"self":[{"href":"https:\/\/jusprev.org.br\/backup\/wp-json\/wp\/v2\/posts\/13280","targetHints":{"allow":["GET"]}}],"collection":[{"href":"https:\/\/jusprev.org.br\/backup\/wp-json\/wp\/v2\/posts"}],"about":[{"href":"https:\/\/jusprev.org.br\/backup\/wp-json\/wp\/v2\/types\/post"}],"author":[{"embeddable":true,"href":"https:\/\/jusprev.org.br\/backup\/wp-json\/wp\/v2\/users\/1"}],"replies":[{"embeddable":true,"href":"https:\/\/jusprev.org.br\/backup\/wp-json\/wp\/v2\/comments?post=13280"}],"version-history":[{"count":10,"href":"https:\/\/jusprev.org.br\/backup\/wp-json\/wp\/v2\/posts\/13280\/revisions"}],"predecessor-version":[{"id":13293,"href":"https:\/\/jusprev.org.br\/backup\/wp-json\/wp\/v2\/posts\/13280\/revisions\/13293"}],"wp:featuredmedia":[{"embeddable":true,"href":"https:\/\/jusprev.org.br\/backup\/wp-json\/wp\/v2\/media\/13284"}],"wp:attachment":[{"href":"https:\/\/jusprev.org.br\/backup\/wp-json\/wp\/v2\/media?parent=13280"}],"wp:term":[{"taxonomy":"category","embeddable":true,"href":"https:\/\/jusprev.org.br\/backup\/wp-json\/wp\/v2\/categories?post=13280"},{"taxonomy":"post_tag","embeddable":true,"href":"https:\/\/jusprev.org.br\/backup\/wp-json\/wp\/v2\/tags?post=13280"}],"curies":[{"name":"wp","href":"https:\/\/api.w.org\/{rel}","templated":true}]}}