{"id":13294,"date":"2019-11-20T15:57:28","date_gmt":"2019-11-20T18:57:28","guid":{"rendered":"https:\/\/jusprev.org.br\/backup\/?p=13294"},"modified":"2019-11-20T16:01:36","modified_gmt":"2019-11-20T19:01:36","slug":"jusprev-realiza-palestra-no-xii-encontro-do-nordeste-da-anfip","status":"publish","type":"post","link":"https:\/\/jusprev.org.br\/backup\/jusprev-realiza-palestra-no-xii-encontro-do-nordeste-da-anfip\/","title":{"rendered":"Jusprev realiza palestra no XII Encontro do Nordeste, da ANFIP"},"content":{"rendered":"<p>A Jusprev participou do XII Encontro do Nordeste, realizado pela Associa\u00e7\u00e3o Nacional dos Auditores Fiscais da Receita Federal do Brasil (ANFIP). O evento aconteceu no \u00faltimo dia 15, na sede da ANFIP-PB, em Jo\u00e3o Pessoa.<\/p>\n<p>Durante o encontro, a gerente da Jusprev, Deborah Maggio, realizou uma palestra sobre a Entidade e sobre o plano de benef\u00edcios previdenci\u00e1rios, o Planjus. Destacou as vantagens da Jusprev e a ades\u00e3o de familiares dos participantes. O plano da Jusprev pode ser estendido para c\u00f4njuges e dependentes econ\u00f4micos, aumentando a rede de prote\u00e7\u00e3o para um futuro seguro e digno para toda a fam\u00edlia.<\/p>\n<p>Al\u00e9m da palestra da Jusprev, o evento contou com apresenta\u00e7\u00f5es e debates sobre os pontos principais da carreira, da Seguridade Social, as reformas administrativas que tramitam no Congresso Nacional e as novas legisla\u00e7\u00f5es. Foram apresentados ainda os desafios para o ano de 2020, al\u00e9m de refor\u00e7ar a import\u00e2ncia da promo\u00e7\u00e3o, do fortalecimento e da valoriza\u00e7\u00e3o do Auditor Fiscal.<\/p>\n<p>A ANFIP \u00e9 uma das Associa\u00e7\u00f5es Instituidoras da Jusprev. Ao todo, j\u00e1 s\u00e3o 84 Associa\u00e7\u00f5es de Carreiras P\u00fablicas na Entidade. Com mais de 3 mil participantes, a Jusprev administra um patrim\u00f4nio previdenci\u00e1rio de mais de 270 milh\u00f5es.<\/p>\n<p><img loading=\"lazy\" decoding=\"async\" class=\"wp-image-13295 aligncenter\" src=\"https:\/\/jusprev.org.br\/backup\/wp-content\/uploads\/2019\/11\/WhatsApp-Image-2019-11-20-at-15.53.30.jpeg\" alt=\"\" width=\"603\" height=\"452\" srcset=\"https:\/\/jusprev.org.br\/backup\/wp-content\/uploads\/2019\/11\/WhatsApp-Image-2019-11-20-at-15.53.30.jpeg 1280w, https:\/\/jusprev.org.br\/backup\/wp-content\/uploads\/2019\/11\/WhatsApp-Image-2019-11-20-at-15.53.30-300x225.jpeg 300w, https:\/\/jusprev.org.br\/backup\/wp-content\/uploads\/2019\/11\/WhatsApp-Image-2019-11-20-at-15.53.30-768x576.jpeg 768w, https:\/\/jusprev.org.br\/backup\/wp-content\/uploads\/2019\/11\/WhatsApp-Image-2019-11-20-at-15.53.30-1024x768.jpeg 1024w, https:\/\/jusprev.org.br\/backup\/wp-content\/uploads\/2019\/11\/WhatsApp-Image-2019-11-20-at-15.53.30-800x600.jpeg 800w\" sizes=\"auto, (max-width: 603px) 100vw, 603px\" \/><\/p>\n<p style=\"text-align: center;\"><em>Gerente da Jusprev, Deborah Maggio, no XII Encontro do Nordeste, da ANFIP<\/em><\/p>\n<p><img loading=\"lazy\" decoding=\"async\" class=\"wp-image-13296 aligncenter\" src=\"https:\/\/jusprev.org.br\/backup\/wp-content\/uploads\/2019\/11\/WhatsApp-Image-2019-11-18-at-10.32.59-2.jpeg\" alt=\"\" width=\"600\" height=\"400\" srcset=\"https:\/\/jusprev.org.br\/backup\/wp-content\/uploads\/2019\/11\/WhatsApp-Image-2019-11-18-at-10.32.59-2.jpeg 1280w, https:\/\/jusprev.org.br\/backup\/wp-content\/uploads\/2019\/11\/WhatsApp-Image-2019-11-18-at-10.32.59-2-300x200.jpeg 300w, https:\/\/jusprev.org.br\/backup\/wp-content\/uploads\/2019\/11\/WhatsApp-Image-2019-11-18-at-10.32.59-2-768x512.jpeg 768w, https:\/\/jusprev.org.br\/backup\/wp-content\/uploads\/2019\/11\/WhatsApp-Image-2019-11-18-at-10.32.59-2-1024x683.jpeg 1024w\" sizes=\"auto, (max-width: 600px) 100vw, 600px\" \/><\/p>\n<p style=\"text-align: center;\"><em>Evento reuniu associados da ANFIP, de diversos estados<\/em><\/p>\n","protected":false},"excerpt":{"rendered":"<p>A Jusprev participou do XII Encontro do Nordeste, realizado pela Associa\u00e7\u00e3o Nacional dos Auditores Fiscais da Receita Federal do Brasil (ANFIP). O evento aconteceu no \u00faltimo dia 15, na sede&#8230;<\/p>\n","protected":false},"author":1,"featured_media":13295,"comment_status":"open","ping_status":"closed","sticky":false,"template":"","format":"standard","meta":{"footnotes":""},"categories":[52,31],"tags":[],"class_list":["post-13294","post","type-post","status-publish","format-standard","has-post-thumbnail","hentry","category-destaque","category-noticias"],"_links":{"self":[{"href":"https:\/\/jusprev.org.br\/backup\/wp-json\/wp\/v2\/posts\/13294","targetHints":{"allow":["GET"]}}],"collection":[{"href":"https:\/\/jusprev.org.br\/backup\/wp-json\/wp\/v2\/posts"}],"about":[{"href":"https:\/\/jusprev.org.br\/backup\/wp-json\/wp\/v2\/types\/post"}],"author":[{"embeddable":true,"href":"https:\/\/jusprev.org.br\/backup\/wp-json\/wp\/v2\/users\/1"}],"replies":[{"embeddable":true,"href":"https:\/\/jusprev.org.br\/backup\/wp-json\/wp\/v2\/comments?post=13294"}],"version-history":[{"count":4,"href":"https:\/\/jusprev.org.br\/backup\/wp-json\/wp\/v2\/posts\/13294\/revisions"}],"predecessor-version":[{"id":13300,"href":"https:\/\/jusprev.org.br\/backup\/wp-json\/wp\/v2\/posts\/13294\/revisions\/13300"}],"wp:featuredmedia":[{"embeddable":true,"href":"https:\/\/jusprev.org.br\/backup\/wp-json\/wp\/v2\/media\/13295"}],"wp:attachment":[{"href":"https:\/\/jusprev.org.br\/backup\/wp-json\/wp\/v2\/media?parent=13294"}],"wp:term":[{"taxonomy":"category","embeddable":true,"href":"https:\/\/jusprev.org.br\/backup\/wp-json\/wp\/v2\/categories?post=13294"},{"taxonomy":"post_tag","embeddable":true,"href":"https:\/\/jusprev.org.br\/backup\/wp-json\/wp\/v2\/tags?post=13294"}],"curies":[{"name":"wp","href":"https:\/\/api.w.org\/{rel}","templated":true}]}}