{"id":13321,"date":"2019-11-22T14:17:09","date_gmt":"2019-11-22T17:17:09","guid":{"rendered":"https:\/\/jusprev.org.br\/backup\/?p=13321"},"modified":"2019-11-25T09:13:55","modified_gmt":"2019-11-25T12:13:55","slug":"planjus-e-apresentado-em-evento-da-agu","status":"publish","type":"post","link":"https:\/\/jusprev.org.br\/backup\/planjus-e-apresentado-em-evento-da-agu\/","title":{"rendered":"Planjus \u00e9 apresentado em evento da AGU"},"content":{"rendered":"<p>A Jusprev participou, no \u00faltimo dia 20, do evento \u201cDecifrando o mercado financeiro \u2013 mitos e verdades\u201d, promovido pela Advocacia-Geral da Uni\u00e3o (AGU). O evento aconteceu na sede da Escola da AGU, em Recife (PE). O Planjus, plano previdenci\u00e1rio administrado pela Jusprev, foi apresentado pela gerente da Entidade, Deborah Maggio.<\/p>\n<p>Na ocasi\u00e3o, Deborah destacou as modalidades de renda oferecidas pelo plano, al\u00e9m de mostrar os benef\u00edcios fiscais, que podem chegar na dedu\u00e7\u00e3o de at\u00e9 12% da renda anual bruta na declara\u00e7\u00e3o do Imposto de Renda dos participantes da Jusprev.<\/p>\n<p>Outro ponto foi a possibilidade do Planjus ser estendido para membros da fam\u00edlia dos participantes. C\u00f4njuges e dependentes econ\u00f4micos tamb\u00e9m podem aderir ao plano previdenci\u00e1rio da Jusprev.<\/p>\n<p><img loading=\"lazy\" decoding=\"async\" class=\"alignleft wp-image-13323\" src=\"https:\/\/jusprev.org.br\/backup\/wp-content\/uploads\/2019\/11\/20_11_19_Palestra_AGU_mercado_financeiro.jpg\" alt=\"\" width=\"553\" height=\"415\" srcset=\"https:\/\/jusprev.org.br\/backup\/wp-content\/uploads\/2019\/11\/20_11_19_Palestra_AGU_mercado_financeiro.jpg 1280w, https:\/\/jusprev.org.br\/backup\/wp-content\/uploads\/2019\/11\/20_11_19_Palestra_AGU_mercado_financeiro-300x225.jpg 300w, https:\/\/jusprev.org.br\/backup\/wp-content\/uploads\/2019\/11\/20_11_19_Palestra_AGU_mercado_financeiro-768x576.jpg 768w, https:\/\/jusprev.org.br\/backup\/wp-content\/uploads\/2019\/11\/20_11_19_Palestra_AGU_mercado_financeiro-1024x768.jpg 1024w, https:\/\/jusprev.org.br\/backup\/wp-content\/uploads\/2019\/11\/20_11_19_Palestra_AGU_mercado_financeiro-800x600.jpg 800w\" sizes=\"auto, (max-width: 553px) 100vw, 553px\" \/><\/p>\n<p><img loading=\"lazy\" decoding=\"async\" class=\"alignleft wp-image-13322\" src=\"https:\/\/jusprev.org.br\/backup\/wp-content\/uploads\/2019\/11\/73d6db56-d29a-4d4f-ba34-c52b7500d50e.jpg\" alt=\"\" width=\"560\" height=\"420\" srcset=\"https:\/\/jusprev.org.br\/backup\/wp-content\/uploads\/2019\/11\/73d6db56-d29a-4d4f-ba34-c52b7500d50e.jpg 1280w, https:\/\/jusprev.org.br\/backup\/wp-content\/uploads\/2019\/11\/73d6db56-d29a-4d4f-ba34-c52b7500d50e-300x225.jpg 300w, https:\/\/jusprev.org.br\/backup\/wp-content\/uploads\/2019\/11\/73d6db56-d29a-4d4f-ba34-c52b7500d50e-768x576.jpg 768w, https:\/\/jusprev.org.br\/backup\/wp-content\/uploads\/2019\/11\/73d6db56-d29a-4d4f-ba34-c52b7500d50e-1024x768.jpg 1024w, https:\/\/jusprev.org.br\/backup\/wp-content\/uploads\/2019\/11\/73d6db56-d29a-4d4f-ba34-c52b7500d50e-800x600.jpg 800w\" sizes=\"auto, (max-width: 560px) 100vw, 560px\" \/><\/p>\n","protected":false},"excerpt":{"rendered":"<p>A Jusprev participou, no \u00faltimo dia 20, do evento \u201cDecifrando o mercado financeiro \u2013 mitos e verdades\u201d, promovido pela Advocacia-Geral da Uni\u00e3o (AGU). O evento aconteceu na sede da Escola&#8230;<\/p>\n","protected":false},"author":1,"featured_media":13322,"comment_status":"open","ping_status":"closed","sticky":false,"template":"","format":"standard","meta":{"footnotes":""},"categories":[52,31],"tags":[],"class_list":["post-13321","post","type-post","status-publish","format-standard","has-post-thumbnail","hentry","category-destaque","category-noticias"],"_links":{"self":[{"href":"https:\/\/jusprev.org.br\/backup\/wp-json\/wp\/v2\/posts\/13321","targetHints":{"allow":["GET"]}}],"collection":[{"href":"https:\/\/jusprev.org.br\/backup\/wp-json\/wp\/v2\/posts"}],"about":[{"href":"https:\/\/jusprev.org.br\/backup\/wp-json\/wp\/v2\/types\/post"}],"author":[{"embeddable":true,"href":"https:\/\/jusprev.org.br\/backup\/wp-json\/wp\/v2\/users\/1"}],"replies":[{"embeddable":true,"href":"https:\/\/jusprev.org.br\/backup\/wp-json\/wp\/v2\/comments?post=13321"}],"version-history":[{"count":3,"href":"https:\/\/jusprev.org.br\/backup\/wp-json\/wp\/v2\/posts\/13321\/revisions"}],"predecessor-version":[{"id":13326,"href":"https:\/\/jusprev.org.br\/backup\/wp-json\/wp\/v2\/posts\/13321\/revisions\/13326"}],"wp:featuredmedia":[{"embeddable":true,"href":"https:\/\/jusprev.org.br\/backup\/wp-json\/wp\/v2\/media\/13322"}],"wp:attachment":[{"href":"https:\/\/jusprev.org.br\/backup\/wp-json\/wp\/v2\/media?parent=13321"}],"wp:term":[{"taxonomy":"category","embeddable":true,"href":"https:\/\/jusprev.org.br\/backup\/wp-json\/wp\/v2\/categories?post=13321"},{"taxonomy":"post_tag","embeddable":true,"href":"https:\/\/jusprev.org.br\/backup\/wp-json\/wp\/v2\/tags?post=13321"}],"curies":[{"name":"wp","href":"https:\/\/api.w.org\/{rel}","templated":true}]}}