{"id":13327,"date":"2019-11-25T16:30:41","date_gmt":"2019-11-25T19:30:41","guid":{"rendered":"https:\/\/jusprev.org.br\/backup\/?p=13327"},"modified":"2019-11-25T16:36:29","modified_gmt":"2019-11-25T19:36:29","slug":"vice-presidente-do-colegio-de-instituidoras-da-jusprev-assina-termo-de-posse","status":"publish","type":"post","link":"https:\/\/jusprev.org.br\/backup\/vice-presidente-do-colegio-de-instituidoras-da-jusprev-assina-termo-de-posse\/","title":{"rendered":"Vice-presidente do Col\u00e9gio de Instituidoras da Jusprev assina termo de posse"},"content":{"rendered":"<p>Nesta segunda-feira (25), assinou o termo de posse o Vice-presidente eleito para o Col\u00e9gio de Instituidoras da Jusprev, Dr. Geraldo Dutra de Andrade Neto. O \u00f3rg\u00e3o \u00e9 formado por todas as Associa\u00e7\u00f5es Instituidoras da Entidade, e \u00e9 representado por seus presidentes. Dr. Geraldo \u00e9 o atual presidente da Associa\u00e7\u00e3o os Magistrados do Paran\u00e1 \u2013 AMAPAR, que \u00e9 Associa\u00e7\u00e3o Instituidora da Jusprev.<\/p>\n<p>\u201c\u00c9 uma satisfa\u00e7\u00e3o ter sido nomeado como Vice-presidente do Col\u00e9gio de Instituidoras e contribuir para o crescimento da Jusprev, participando dos rumos da institui\u00e7\u00e3o\u201d, disse. A sede administrativa da Jusprev, desde agosto de 2019, est\u00e1 localizada no pr\u00e9dio da AMAPAR, em Curitiba (PR), no T\u00e9rreo. A mudan\u00e7a foi necess\u00e1ria para melhor atender os participantes e Associa\u00e7\u00f5es Instituidoras, com uma estrutura que acompanhar\u00e1 o crescimento da Entidade, previsto para os pr\u00f3ximos anos.<\/p>\n<p>\u201cA vinda da equipe da Jusprev para o mesmo pr\u00e9dio da AMAPAR facilita o contato de nossos associados, que podem conhecer mais sobre a Entidade, o que ela oferece, como funciona e poder\u00e3o decidir pela ades\u00e3o. O momento \u00e9 prop\u00edcio, j\u00e1 que estamos passando por reformas previdenci\u00e1rias. Nossos associados poder\u00e3o programar a o futuro financeiro e a Jusprev pode colaborar diretamente e orient\u00e1-los a ter essa seguran\u00e7a\u201d, destacou Dr. Geraldo.<\/p>\n<p>Atualmente a Jusprev \u00e9 a maior uni\u00e3o formal de Associa\u00e7\u00f5es de Carreiras Jur\u00eddicas P\u00fablicas em prol da constru\u00e7\u00e3o um futuro seguro, tranquilo e digno. Foi lan\u00e7ada oficialmente no dia 06 de dezembro de 2007. J\u00e1 administra um patrim\u00f4nio de mais de 275 milh\u00f5es, com mais de 3.000 participantes em todo o pa\u00eds. Em dezembro, completar\u00e1 12 anos de funda\u00e7\u00e3o.<\/p>\n<p><a href=\"https:\/\/jusprev.org.br\/backup\/conheca-jusprev\/\">Conhe\u00e7a aqui a estrutura organizacional completa da Jusprev.\u00a0<\/a><\/p>\n<p><img loading=\"lazy\" decoding=\"async\" class=\"alignleft wp-image-13328\" src=\"https:\/\/jusprev.org.br\/backup\/wp-content\/uploads\/2019\/11\/Dr_Geraldo_posse_Jusprev.jpeg\" alt=\"\" width=\"414\" height=\"552\" srcset=\"https:\/\/jusprev.org.br\/backup\/wp-content\/uploads\/2019\/11\/Dr_Geraldo_posse_Jusprev.jpeg 780w, https:\/\/jusprev.org.br\/backup\/wp-content\/uploads\/2019\/11\/Dr_Geraldo_posse_Jusprev-225x300.jpeg 225w, https:\/\/jusprev.org.br\/backup\/wp-content\/uploads\/2019\/11\/Dr_Geraldo_posse_Jusprev-768x1024.jpeg 768w\" sizes=\"auto, (max-width: 414px) 100vw, 414px\" \/><\/p>\n<p><em>Dr. Geraldo Dutra de Andrade Neto, durante assinatura do termo de posse, na sede da AMAPAR<\/em><\/p>\n","protected":false},"excerpt":{"rendered":"<p>Nesta segunda-feira (25), assinou o termo de posse o Vice-presidente eleito para o Col\u00e9gio de Instituidoras da Jusprev, Dr. Geraldo Dutra de Andrade Neto. O \u00f3rg\u00e3o \u00e9 formado por todas&#8230;<\/p>\n","protected":false},"author":1,"featured_media":13334,"comment_status":"open","ping_status":"closed","sticky":false,"template":"","format":"standard","meta":{"footnotes":""},"categories":[52,31],"tags":[],"class_list":["post-13327","post","type-post","status-publish","format-standard","has-post-thumbnail","hentry","category-destaque","category-noticias"],"_links":{"self":[{"href":"https:\/\/jusprev.org.br\/backup\/wp-json\/wp\/v2\/posts\/13327","targetHints":{"allow":["GET"]}}],"collection":[{"href":"https:\/\/jusprev.org.br\/backup\/wp-json\/wp\/v2\/posts"}],"about":[{"href":"https:\/\/jusprev.org.br\/backup\/wp-json\/wp\/v2\/types\/post"}],"author":[{"embeddable":true,"href":"https:\/\/jusprev.org.br\/backup\/wp-json\/wp\/v2\/users\/1"}],"replies":[{"embeddable":true,"href":"https:\/\/jusprev.org.br\/backup\/wp-json\/wp\/v2\/comments?post=13327"}],"version-history":[{"count":4,"href":"https:\/\/jusprev.org.br\/backup\/wp-json\/wp\/v2\/posts\/13327\/revisions"}],"predecessor-version":[{"id":13333,"href":"https:\/\/jusprev.org.br\/backup\/wp-json\/wp\/v2\/posts\/13327\/revisions\/13333"}],"wp:featuredmedia":[{"embeddable":true,"href":"https:\/\/jusprev.org.br\/backup\/wp-json\/wp\/v2\/media\/13334"}],"wp:attachment":[{"href":"https:\/\/jusprev.org.br\/backup\/wp-json\/wp\/v2\/media?parent=13327"}],"wp:term":[{"taxonomy":"category","embeddable":true,"href":"https:\/\/jusprev.org.br\/backup\/wp-json\/wp\/v2\/categories?post=13327"},{"taxonomy":"post_tag","embeddable":true,"href":"https:\/\/jusprev.org.br\/backup\/wp-json\/wp\/v2\/tags?post=13327"}],"curies":[{"name":"wp","href":"https:\/\/api.w.org\/{rel}","templated":true}]}}