{"id":13336,"date":"2019-11-28T16:30:59","date_gmt":"2019-11-28T19:30:59","guid":{"rendered":"https:\/\/jusprev.org.br\/backup\/?p=13336"},"modified":"2019-11-28T16:47:02","modified_gmt":"2019-11-28T19:47:02","slug":"amatra-1-e-aprovada-como-instituidora-da-jusprev","status":"publish","type":"post","link":"https:\/\/jusprev.org.br\/backup\/amatra-1-e-aprovada-como-instituidora-da-jusprev\/","title":{"rendered":"AMATRA 1 \u00e9 aprovada como Instituidora da Jusprev"},"content":{"rendered":"<p>A Associa\u00e7\u00e3o dos Magistrados da Justi\u00e7a do Trabalho da 1\u00aa Regi\u00e3o \u2013 AMATRA 1 &#8211; \u00e9 a nova Instituidora da Jusprev. A entidade foi aprovada pela Superintend\u00eancia Nacional de Previd\u00eancia Complementar (Previc) para integrar o Col\u00e9gio de Instituidoras, que \u00e9 composto por mais de 80 Associa\u00e7\u00f5es de Carreiras Jur\u00eddicas P\u00fablicas e de Auditores Fiscais da Receita Federal do Brasil. A partir deste m\u00eas, seus associados e dependentes diretos (filhos e c\u00f4njuges) j\u00e1 podem aderir ao Planjus.<\/p>\n<p>A AMATRA 1 \u00e9 uma entidade de natureza civil, sem fins lucrativos, e foi criada com o objetivo de lutar pela valoriza\u00e7\u00e3o da classe e na defesa, sempre que necess\u00e1rio, dos interesses dos magistrados do trabalho. Foi fundada em 21 de maio de 1963, com o objetivo de defender a magistratura do Trabalho e lutar pela valoriza\u00e7\u00e3o da categoria. Originada a partir de um movimento dos ju\u00edzes da d\u00e9cada de 50, a Associa\u00e7\u00e3o cresceu e, desde ent\u00e3o, atua firmemente pelo fortalecimento da magistratura trabalhista do Rio de Janeiro.<\/p>\n<p><a href=\"https:\/\/jusprev.org.br\/backup\/associacoes-instituidoras\/\" target=\"_blank\" rel=\"noopener\">Conhe\u00e7a todas as Associa\u00e7\u00f5es Instituidoras <\/a>da Jusprev.<\/p>\n<p><img loading=\"lazy\" decoding=\"async\" class=\"alignleft wp-image-13337\" src=\"https:\/\/jusprev.org.br\/backup\/wp-content\/uploads\/2019\/11\/AMATRA1_logo-2.jpg\" alt=\"\" width=\"299\" height=\"477\" srcset=\"https:\/\/jusprev.org.br\/backup\/wp-content\/uploads\/2019\/11\/AMATRA1_logo-2.jpg 921w, https:\/\/jusprev.org.br\/backup\/wp-content\/uploads\/2019\/11\/AMATRA1_logo-2-188x300.jpg 188w, https:\/\/jusprev.org.br\/backup\/wp-content\/uploads\/2019\/11\/AMATRA1_logo-2-768x1226.jpg 768w, https:\/\/jusprev.org.br\/backup\/wp-content\/uploads\/2019\/11\/AMATRA1_logo-2-642x1024.jpg 642w\" sizes=\"auto, (max-width: 299px) 100vw, 299px\" \/><\/p>\n","protected":false},"excerpt":{"rendered":"<p>A Associa\u00e7\u00e3o dos Magistrados da Justi\u00e7a do Trabalho da 1\u00aa Regi\u00e3o \u2013 AMATRA 1 &#8211; \u00e9 a nova Instituidora da Jusprev. A entidade foi aprovada pela Superintend\u00eancia Nacional de Previd\u00eancia&#8230;<\/p>\n","protected":false},"author":1,"featured_media":13342,"comment_status":"open","ping_status":"closed","sticky":false,"template":"","format":"standard","meta":{"footnotes":""},"categories":[52,31],"tags":[],"class_list":["post-13336","post","type-post","status-publish","format-standard","has-post-thumbnail","hentry","category-destaque","category-noticias"],"_links":{"self":[{"href":"https:\/\/jusprev.org.br\/backup\/wp-json\/wp\/v2\/posts\/13336","targetHints":{"allow":["GET"]}}],"collection":[{"href":"https:\/\/jusprev.org.br\/backup\/wp-json\/wp\/v2\/posts"}],"about":[{"href":"https:\/\/jusprev.org.br\/backup\/wp-json\/wp\/v2\/types\/post"}],"author":[{"embeddable":true,"href":"https:\/\/jusprev.org.br\/backup\/wp-json\/wp\/v2\/users\/1"}],"replies":[{"embeddable":true,"href":"https:\/\/jusprev.org.br\/backup\/wp-json\/wp\/v2\/comments?post=13336"}],"version-history":[{"count":6,"href":"https:\/\/jusprev.org.br\/backup\/wp-json\/wp\/v2\/posts\/13336\/revisions"}],"predecessor-version":[{"id":13346,"href":"https:\/\/jusprev.org.br\/backup\/wp-json\/wp\/v2\/posts\/13336\/revisions\/13346"}],"wp:featuredmedia":[{"embeddable":true,"href":"https:\/\/jusprev.org.br\/backup\/wp-json\/wp\/v2\/media\/13342"}],"wp:attachment":[{"href":"https:\/\/jusprev.org.br\/backup\/wp-json\/wp\/v2\/media?parent=13336"}],"wp:term":[{"taxonomy":"category","embeddable":true,"href":"https:\/\/jusprev.org.br\/backup\/wp-json\/wp\/v2\/categories?post=13336"},{"taxonomy":"post_tag","embeddable":true,"href":"https:\/\/jusprev.org.br\/backup\/wp-json\/wp\/v2\/tags?post=13336"}],"curies":[{"name":"wp","href":"https:\/\/api.w.org\/{rel}","templated":true}]}}