{"id":13347,"date":"2019-12-02T14:40:19","date_gmt":"2019-12-02T17:40:19","guid":{"rendered":"https:\/\/jusprev.org.br\/backup\/?p=13347"},"modified":"2019-12-02T14:43:12","modified_gmt":"2019-12-02T17:43:12","slug":"presidente-do-conselho-fiscal-participa-de-seminario-sobre-fundos-de-pensao-e-a-nova-previdencia","status":"publish","type":"post","link":"https:\/\/jusprev.org.br\/backup\/presidente-do-conselho-fiscal-participa-de-seminario-sobre-fundos-de-pensao-e-a-nova-previdencia\/","title":{"rendered":"Presidente do Conselho Fiscal da Jusprev participa de semin\u00e1rio sobre fundos de pens\u00e3o e a nova previd\u00eancia"},"content":{"rendered":"<p>O presidente do Conselho Fiscal da Jusprev, Dr. Virgilio Panagiotis Stavridis, participou no \u00faltimo dia 29 de novembro, do IV Semin\u00e1rio de Previd\u00eancia Complementar &#8211; Os fundos de pens\u00e3o e a nova previd\u00eancia. Cen\u00e1rios, perspectivas e regula\u00e7\u00e3o. O evento aconteceu no Rio de Janeiro e foi realizado pelo\u00a0Instituto Latino-Americano de Direito Social (IDS Am\u00e9rica Latina), com apoio da Comiss\u00e3o de Previd\u00eancia Social e de Previd\u00eancia Complementar da OABRJ.<\/p>\n<p>O semin\u00e1rio abordou a reforma da previd\u00eancia e os impactos na previd\u00eancia complementar, perspectivas e desafios, estrat\u00e9gias de crescimento e como fomentar a previd\u00eancia complementar fechada, al\u00e9m de apresentar alternativas de investimentos no setor, em \u00e9pocas de reformas estruturantes.<\/p>\n<p><img loading=\"lazy\" decoding=\"async\" class=\"wp-image-13348 aligncenter\" src=\"https:\/\/jusprev.org.br\/backup\/wp-content\/uploads\/2019\/12\/evento_29_11.jpg\" alt=\"\" width=\"548\" height=\"490\" srcset=\"https:\/\/jusprev.org.br\/backup\/wp-content\/uploads\/2019\/12\/evento_29_11.jpg 768w, https:\/\/jusprev.org.br\/backup\/wp-content\/uploads\/2019\/12\/evento_29_11-300x269.jpg 300w\" sizes=\"auto, (max-width: 548px) 100vw, 548px\" \/><\/p>\n<p style=\"text-align: center;\">Dr. Virgilio Panagiotis Stavridis, durante o Semin\u00e1rio realizado pelo IDS<\/p>\n","protected":false},"excerpt":{"rendered":"<p>O presidente do Conselho Fiscal da Jusprev, Dr. Virgilio Panagiotis Stavridis, participou no \u00faltimo dia 29 de novembro, do IV Semin\u00e1rio de Previd\u00eancia Complementar &#8211; Os fundos de pens\u00e3o e&#8230;<\/p>\n","protected":false},"author":1,"featured_media":13348,"comment_status":"open","ping_status":"closed","sticky":false,"template":"","format":"standard","meta":{"footnotes":""},"categories":[52,31],"tags":[],"class_list":["post-13347","post","type-post","status-publish","format-standard","has-post-thumbnail","hentry","category-destaque","category-noticias"],"_links":{"self":[{"href":"https:\/\/jusprev.org.br\/backup\/wp-json\/wp\/v2\/posts\/13347","targetHints":{"allow":["GET"]}}],"collection":[{"href":"https:\/\/jusprev.org.br\/backup\/wp-json\/wp\/v2\/posts"}],"about":[{"href":"https:\/\/jusprev.org.br\/backup\/wp-json\/wp\/v2\/types\/post"}],"author":[{"embeddable":true,"href":"https:\/\/jusprev.org.br\/backup\/wp-json\/wp\/v2\/users\/1"}],"replies":[{"embeddable":true,"href":"https:\/\/jusprev.org.br\/backup\/wp-json\/wp\/v2\/comments?post=13347"}],"version-history":[{"count":5,"href":"https:\/\/jusprev.org.br\/backup\/wp-json\/wp\/v2\/posts\/13347\/revisions"}],"predecessor-version":[{"id":13353,"href":"https:\/\/jusprev.org.br\/backup\/wp-json\/wp\/v2\/posts\/13347\/revisions\/13353"}],"wp:featuredmedia":[{"embeddable":true,"href":"https:\/\/jusprev.org.br\/backup\/wp-json\/wp\/v2\/media\/13348"}],"wp:attachment":[{"href":"https:\/\/jusprev.org.br\/backup\/wp-json\/wp\/v2\/media?parent=13347"}],"wp:term":[{"taxonomy":"category","embeddable":true,"href":"https:\/\/jusprev.org.br\/backup\/wp-json\/wp\/v2\/categories?post=13347"},{"taxonomy":"post_tag","embeddable":true,"href":"https:\/\/jusprev.org.br\/backup\/wp-json\/wp\/v2\/tags?post=13347"}],"curies":[{"name":"wp","href":"https:\/\/api.w.org\/{rel}","templated":true}]}}