{"id":13355,"date":"2019-12-02T15:34:42","date_gmt":"2019-12-02T18:34:42","guid":{"rendered":"https:\/\/jusprev.org.br\/backup\/?p=13355"},"modified":"2019-12-02T16:00:48","modified_gmt":"2019-12-02T19:00:48","slug":"jusprev-participa-de-evento-da-apamagis","status":"publish","type":"post","link":"https:\/\/jusprev.org.br\/backup\/jusprev-participa-de-evento-da-apamagis\/","title":{"rendered":"Jusprev participa de evento da APAMAGIS"},"content":{"rendered":"<p>A Jusprev esteve presente no jantar de confraterniza\u00e7\u00e3o de final de ano da Associa\u00e7\u00e3o Paulista de Magistrados (APAMAGIS), realizada no \u00faltimo dia 30 de novembro, em S\u00e3o Paulo. A entidade foi representada pela Diretora-Presidente, Dra. Antonia Lelia Neves Sanches e pelo Diretor Jur\u00eddico e de Benef\u00edcios, Dr. M\u00e1rcio Humberto Gheller, que representou o presidente da Associa\u00e7\u00e3o Nacional dos Auditores Fiscais da Receita Federal do Brasil e presidente do Col\u00e9gio de Instituidoras da Jusprev, Dr. D\u00e9cio Bruno Lopes. O evento reuniu magistrados, associados da Apamagis, e \u00e9 tradicionalmente realizado todos os anos pela institui\u00e7\u00e3o.<\/p>\n<p>A APAMAGIS foi fundada em 19 de fevereiro de 1953 e conta com mais de 3.100 magistrados do Estado de S\u00e3o Paulo. Defende as prerrogativas dos associados e promove a\u00e7\u00f5es pela valoriza\u00e7\u00e3o da magistratura. \u00c9 uma das Associa\u00e7\u00f5es Instituidoras da Jusprev, que oferecem aos seus associados um plano de previd\u00eancia complementar seguro e transparente.<\/p>\n<p><img loading=\"lazy\" decoding=\"async\" class=\"aligncenter wp-image-13356\" src=\"https:\/\/jusprev.org.br\/backup\/wp-content\/uploads\/2019\/12\/57a52525-7782-4f72-a63e-c9c2d176e0a5.jpg\" alt=\"\" width=\"551\" height=\"414\" srcset=\"https:\/\/jusprev.org.br\/backup\/wp-content\/uploads\/2019\/12\/57a52525-7782-4f72-a63e-c9c2d176e0a5.jpg 1280w, https:\/\/jusprev.org.br\/backup\/wp-content\/uploads\/2019\/12\/57a52525-7782-4f72-a63e-c9c2d176e0a5-300x225.jpg 300w, https:\/\/jusprev.org.br\/backup\/wp-content\/uploads\/2019\/12\/57a52525-7782-4f72-a63e-c9c2d176e0a5-768x576.jpg 768w, https:\/\/jusprev.org.br\/backup\/wp-content\/uploads\/2019\/12\/57a52525-7782-4f72-a63e-c9c2d176e0a5-1024x768.jpg 1024w, https:\/\/jusprev.org.br\/backup\/wp-content\/uploads\/2019\/12\/57a52525-7782-4f72-a63e-c9c2d176e0a5-800x600.jpg 800w\" sizes=\"auto, (max-width: 551px) 100vw, 551px\" \/><\/p>\n","protected":false},"excerpt":{"rendered":"<p>A Jusprev esteve presente no jantar de confraterniza\u00e7\u00e3o de final de ano da Associa\u00e7\u00e3o Paulista de Magistrados (APAMAGIS), realizada no \u00faltimo dia 30 de novembro, em S\u00e3o Paulo. A entidade&#8230;<\/p>\n","protected":false},"author":1,"featured_media":0,"comment_status":"open","ping_status":"closed","sticky":false,"template":"","format":"standard","meta":{"footnotes":""},"categories":[52,31],"tags":[],"class_list":["post-13355","post","type-post","status-publish","format-standard","hentry","category-destaque","category-noticias"],"_links":{"self":[{"href":"https:\/\/jusprev.org.br\/backup\/wp-json\/wp\/v2\/posts\/13355","targetHints":{"allow":["GET"]}}],"collection":[{"href":"https:\/\/jusprev.org.br\/backup\/wp-json\/wp\/v2\/posts"}],"about":[{"href":"https:\/\/jusprev.org.br\/backup\/wp-json\/wp\/v2\/types\/post"}],"author":[{"embeddable":true,"href":"https:\/\/jusprev.org.br\/backup\/wp-json\/wp\/v2\/users\/1"}],"replies":[{"embeddable":true,"href":"https:\/\/jusprev.org.br\/backup\/wp-json\/wp\/v2\/comments?post=13355"}],"version-history":[{"count":9,"href":"https:\/\/jusprev.org.br\/backup\/wp-json\/wp\/v2\/posts\/13355\/revisions"}],"predecessor-version":[{"id":13369,"href":"https:\/\/jusprev.org.br\/backup\/wp-json\/wp\/v2\/posts\/13355\/revisions\/13369"}],"wp:attachment":[{"href":"https:\/\/jusprev.org.br\/backup\/wp-json\/wp\/v2\/media?parent=13355"}],"wp:term":[{"taxonomy":"category","embeddable":true,"href":"https:\/\/jusprev.org.br\/backup\/wp-json\/wp\/v2\/categories?post=13355"},{"taxonomy":"post_tag","embeddable":true,"href":"https:\/\/jusprev.org.br\/backup\/wp-json\/wp\/v2\/tags?post=13355"}],"curies":[{"name":"wp","href":"https:\/\/api.w.org\/{rel}","templated":true}]}}