{"id":13365,"date":"2019-12-02T15:58:56","date_gmt":"2019-12-02T18:58:56","guid":{"rendered":"https:\/\/jusprev.org.br\/backup\/?p=13365"},"modified":"2019-12-02T16:00:04","modified_gmt":"2019-12-02T19:00:04","slug":"consultora-da-jusprev-estara-na-sede-de-apamagis-no-proximo-dia-04","status":"publish","type":"post","link":"https:\/\/jusprev.org.br\/backup\/consultora-da-jusprev-estara-na-sede-de-apamagis-no-proximo-dia-04\/","title":{"rendered":"Consultora da Jusprev estar\u00e1 na sede de Apamagis no pr\u00f3ximo dia 04"},"content":{"rendered":"<div class=\"fusion-post-title-meta-wrap\"><\/div>\n<div class=\"post-content\">\n<p>A consultora da Jusprev, Carolina Dutra, estar\u00e1 na sede administrativa da Associa\u00e7\u00e3o Paulista de Magistrados (Apamagis) no pr\u00f3ximo dia 04 de dezembro para tirar d\u00favidas sobre o Planjus,\u00a0previd\u00eancia complementar e dedu\u00e7\u00e3o de IR.\u00a0 Os associados da entidade podem agendar hor\u00e1rio para uma consultoria personalizada, das 10 \u00e0s 19h, pelo telefone\u00a0(31) 98237 8484.<\/p>\n<p>Confira o convite:<\/p>\n<p><img loading=\"lazy\" decoding=\"async\" class=\"aligncenter size-full wp-image-13366\" src=\"https:\/\/jusprev.org.br\/backup\/wp-content\/uploads\/2019\/12\/convite_jusprev_3.jpg\" alt=\"\" width=\"622\" height=\"1139\" srcset=\"https:\/\/jusprev.org.br\/backup\/wp-content\/uploads\/2019\/12\/convite_jusprev_3.jpg 622w, https:\/\/jusprev.org.br\/backup\/wp-content\/uploads\/2019\/12\/convite_jusprev_3-164x300.jpg 164w, https:\/\/jusprev.org.br\/backup\/wp-content\/uploads\/2019\/12\/convite_jusprev_3-559x1024.jpg 559w\" sizes=\"auto, (max-width: 622px) 100vw, 622px\" \/><\/p>\n<p>&nbsp;<\/p>\n<p>&nbsp;<\/p>\n<\/div>\n","protected":false},"excerpt":{"rendered":"<p>A consultora da Jusprev, Carolina Dutra, estar\u00e1 na sede administrativa da Associa\u00e7\u00e3o Paulista de Magistrados (Apamagis) no pr\u00f3ximo dia 04 de dezembro para tirar d\u00favidas sobre o Planjus,\u00a0previd\u00eancia complementar e&#8230;<\/p>\n","protected":false},"author":1,"featured_media":13368,"comment_status":"open","ping_status":"closed","sticky":false,"template":"","format":"standard","meta":{"footnotes":""},"categories":[52,31],"tags":[],"class_list":["post-13365","post","type-post","status-publish","format-standard","has-post-thumbnail","hentry","category-destaque","category-noticias"],"_links":{"self":[{"href":"https:\/\/jusprev.org.br\/backup\/wp-json\/wp\/v2\/posts\/13365","targetHints":{"allow":["GET"]}}],"collection":[{"href":"https:\/\/jusprev.org.br\/backup\/wp-json\/wp\/v2\/posts"}],"about":[{"href":"https:\/\/jusprev.org.br\/backup\/wp-json\/wp\/v2\/types\/post"}],"author":[{"embeddable":true,"href":"https:\/\/jusprev.org.br\/backup\/wp-json\/wp\/v2\/users\/1"}],"replies":[{"embeddable":true,"href":"https:\/\/jusprev.org.br\/backup\/wp-json\/wp\/v2\/comments?post=13365"}],"version-history":[{"count":1,"href":"https:\/\/jusprev.org.br\/backup\/wp-json\/wp\/v2\/posts\/13365\/revisions"}],"predecessor-version":[{"id":13367,"href":"https:\/\/jusprev.org.br\/backup\/wp-json\/wp\/v2\/posts\/13365\/revisions\/13367"}],"wp:featuredmedia":[{"embeddable":true,"href":"https:\/\/jusprev.org.br\/backup\/wp-json\/wp\/v2\/media\/13368"}],"wp:attachment":[{"href":"https:\/\/jusprev.org.br\/backup\/wp-json\/wp\/v2\/media?parent=13365"}],"wp:term":[{"taxonomy":"category","embeddable":true,"href":"https:\/\/jusprev.org.br\/backup\/wp-json\/wp\/v2\/categories?post=13365"},{"taxonomy":"post_tag","embeddable":true,"href":"https:\/\/jusprev.org.br\/backup\/wp-json\/wp\/v2\/tags?post=13365"}],"curies":[{"name":"wp","href":"https:\/\/api.w.org\/{rel}","templated":true}]}}