{"id":13370,"date":"2019-12-04T16:04:37","date_gmt":"2019-12-04T19:04:37","guid":{"rendered":"https:\/\/jusprev.org.br\/backup\/?p=13370"},"modified":"2019-12-06T09:17:00","modified_gmt":"2019-12-06T12:17:00","slug":"viagem-e-gastronomia-por-adriana-lage-2","status":"publish","type":"post","link":"https:\/\/jusprev.org.br\/backup\/viagem-e-gastronomia-por-adriana-lage-2\/","title":{"rendered":"Coluna Viagem e Gourmet &#8211; Por Adriana Lage"},"content":{"rendered":"<p>Enfim 2019 est\u00e1 terminando e ainda d\u00e1 tempo de planejar viagens de natal, ano novo e f\u00e9rias de janeiro. Quer viajar para o Brasil ou para o exterior? Ver\u00e3o ou inverno? Veja nossas sugest\u00f5es e corra para fechar antes que estejam lotados, bem como sugest\u00f5es de onde passar a Ceia de Natal e Ano Novo e celebrar com estilo!<\/p>\n<p>E, para encerar, respondemos \u00e0 pergunta: <strong>Alugar carro ou chamar taxi durante a viagem, qual \u00e9 o mais vantajoso?<\/strong><\/p>\n<p>&nbsp;<\/p>\n<p><strong>NATAL E ANO NOVO<\/strong><\/p>\n<p><strong>Ponta dos Ganchos, Santa Catarina<\/strong><\/p>\n<p><img loading=\"lazy\" decoding=\"async\" class=\"aligncenter wp-image-13417\" src=\"https:\/\/jusprev.org.br\/backup\/wp-content\/uploads\/2019\/12\/ponta-dos-ganchos_Especial-Esmeralda_IMG_3085_TucaReines.jpg\" alt=\"\" width=\"738\" height=\"492\" srcset=\"https:\/\/jusprev.org.br\/backup\/wp-content\/uploads\/2019\/12\/ponta-dos-ganchos_Especial-Esmeralda_IMG_3085_TucaReines.jpg 1920w, https:\/\/jusprev.org.br\/backup\/wp-content\/uploads\/2019\/12\/ponta-dos-ganchos_Especial-Esmeralda_IMG_3085_TucaReines-300x200.jpg 300w, https:\/\/jusprev.org.br\/backup\/wp-content\/uploads\/2019\/12\/ponta-dos-ganchos_Especial-Esmeralda_IMG_3085_TucaReines-768x512.jpg 768w, https:\/\/jusprev.org.br\/backup\/wp-content\/uploads\/2019\/12\/ponta-dos-ganchos_Especial-Esmeralda_IMG_3085_TucaReines-1024x683.jpg 1024w\" sizes=\"auto, (max-width: 738px) 100vw, 738px\" \/><\/p>\n<p>&nbsp;<\/p>\n<p>Em pleno ver\u00e3o, uma programa\u00e7\u00e3o inesquec\u00edvel e momentos para serem gravados na mem\u00f3ria. Aproveite os dias ensolarados da esta\u00e7\u00e3o mais aguardada do ano e re\u00fana toda a fam\u00edlia em um cen\u00e1rio encantador rodeado por uma bel\u00edssima e estonteante natureza. Especialmente para a data, o resort recebe crian\u00e7as a partir dos 12 anos de idade.<\/p>\n<p>Uma s\u00e9rie de atividades a c\u00e9u aberto que v\u00e3o desde trilhas para praias desertas, stand up paddle, at\u00e9 uma divertida partida de t\u00eanis em uma quadra exclusiva. Tudo foi pensado com muito carinho para oferecer as fam\u00edlias experi\u00eancias \u00fanicas a fim de integrar e conectar quem mais se ama. Vale destacar a gastronomia com uma ceia harmonizada elaborada pelo chef executivo do resort, Jos\u00e9 Nero. Ainda com ele, a oportunidade de participar de um workshop natalino com receitas e dicas bem bacanas para voc\u00ea ter um pouquinho do Ponta dos Ganchos sempre em casa!<\/p>\n<p>&nbsp;<\/p>\n<p><strong>Paris, Fran\u00e7a<\/strong><\/p>\n<p><img loading=\"lazy\" decoding=\"async\" class=\"aligncenter wp-image-13415\" src=\"https:\/\/jusprev.org.br\/backup\/wp-content\/uploads\/2019\/12\/paris-mandarin-oriental-1.jpg\" alt=\"\" width=\"604\" height=\"755\" srcset=\"https:\/\/jusprev.org.br\/backup\/wp-content\/uploads\/2019\/12\/paris-mandarin-oriental-1.jpg 768w, https:\/\/jusprev.org.br\/backup\/wp-content\/uploads\/2019\/12\/paris-mandarin-oriental-1-240x300.jpg 240w\" sizes=\"auto, (max-width: 604px) 100vw, 604px\" \/><\/p>\n<p>O esp\u00edrito de Natal est\u00e1 chegando: a partir de novembro, as fachadas das maiores lojas de departamentos de Paris, incluindo Galeries Lafayette, Printemps e Bon March\u00e9, inauguram suas vitrines e decora\u00e7\u00f5es natalinas. O tema Volta ao Mundo na Printemps transforma essas lojas em cen\u00e1rios m\u00e1gicos.<\/p>\n<p>Aproveite um Natal e Ano Novo especial repleto de sofistica\u00e7\u00e3o, anima\u00e7\u00e3o e fartura no Mandarin Oriental, Paris. Entre os dias 16 e 30 de dezembro o restaurante Cam\u00e9lia estar\u00e1 aberto para comemora\u00e7\u00f5es de Natal com um menu incompar\u00e1vel criado pelo chef Thierry Marx. J\u00e1 na noite da virada do ano o renomado restaurante Sur Mesure (2 estrelas Michelin) e o Cam\u00e9lia, os dois liderados pelo chef Thierry Marx, oferecem menu sofisticado e delicioso de at\u00e9 oito pratos para os h\u00f3spedes ou clientes.<\/p>\n<p>Descubra a oferta de final de ano &#8220;ONE MORE NIGHT&#8221; com a 3a. noite free (fique 3 e pague 2) v\u00e1lida at\u00e9 15 abril de 2020. (sujeito a disponibilidade e data de black-out).<\/p>\n<p>&nbsp;<\/p>\n<p><strong>Andaluzia, Espanha<\/strong><\/p>\n<p><img loading=\"lazy\" decoding=\"async\" class=\"aligncenter wp-image-13408\" src=\"https:\/\/jusprev.org.br\/backup\/wp-content\/uploads\/2019\/12\/anantara-andaluzia-1.jpg\" alt=\"\" width=\"865\" height=\"577\" srcset=\"https:\/\/jusprev.org.br\/backup\/wp-content\/uploads\/2019\/12\/anantara-andaluzia-1.jpg 8688w, https:\/\/jusprev.org.br\/backup\/wp-content\/uploads\/2019\/12\/anantara-andaluzia-1-300x200.jpg 300w, https:\/\/jusprev.org.br\/backup\/wp-content\/uploads\/2019\/12\/anantara-andaluzia-1-768x512.jpg 768w, https:\/\/jusprev.org.br\/backup\/wp-content\/uploads\/2019\/12\/anantara-andaluzia-1-1024x683.jpg 1024w\" sizes=\"auto, (max-width: 865px) 100vw, 865px\" \/><\/p>\n<p>Os diferentes espa\u00e7os do id\u00edlico resort Anantara Villa Padierna est\u00e3o decorados para celebrar essas datas especiais. Do dia de Natal ao primeiro dia do ano 2020, s\u00e3o propostas diferentes op\u00e7\u00f5es para desconectar e desfrutar de um ambiente \u00fanico e inesquec\u00edvel, entre as colinas da Costa del Sol, de frente para o Mediterr\u00e2neo e com uma temperatura de primavera.<\/p>\n<p>O resort oferece duas op\u00e7\u00f5es para a v\u00e9spera de Ano Novo, a fus\u00e3o mediterr\u00e2nea-francesa no jantar de gala no Linares Lounge ou a culin\u00e1ria japonesa no 99 Sushi Bar. Rodeado por um cen\u00e1rio elegante e refinado, o lounge Linares \u00e9 um espa\u00e7o majestoso, onde os clientes podem desfrutar de coquet\u00e9is, jantares e festas, acompanhados por m\u00fasica ao vivo. Ao mesmo tempo, no 99 Sushi Bar, cercado por jardins e com vista para os campos de golfe, prop\u00f5e-se uma atmosfera mais descontra\u00edda, minimalista e contempor\u00e2nea para saborear a culin\u00e1ria japonesa.<\/p>\n<p>Para o Natal e o dia de ano novo, o Club de Mar oferece um buffet \u00e0 beira-mar. Com amigos ou familiares, o programa inclui planos para todas as idades, op\u00e7\u00f5es ao ar livre, atividades esportivas e experi\u00eancias culturais e gastron\u00f4micas.<\/p>\n<p>O grande dia no Anantara Villa Padierna ser\u00e1 a \u00faltima noite do ano em que dois menus gastron\u00f4micos de alto n\u00edvel ser\u00e3o propostos, o jantar de gala no grande lounge Linares e o toque ex\u00f3tico do 99 Sushi Bar.<\/p>\n<p><strong>Madri, Espanha<\/strong><\/p>\n<p><strong><img loading=\"lazy\" decoding=\"async\" class=\"aligncenter wp-image-13411\" src=\"https:\/\/jusprev.org.br\/backup\/wp-content\/uploads\/2019\/12\/feijoada-rubaiyat.jpeg\" alt=\"\" width=\"836\" height=\"439\" srcset=\"https:\/\/jusprev.org.br\/backup\/wp-content\/uploads\/2019\/12\/feijoada-rubaiyat.jpeg 1200w, https:\/\/jusprev.org.br\/backup\/wp-content\/uploads\/2019\/12\/feijoada-rubaiyat-300x158.jpeg 300w, https:\/\/jusprev.org.br\/backup\/wp-content\/uploads\/2019\/12\/feijoada-rubaiyat-768x403.jpeg 768w, https:\/\/jusprev.org.br\/backup\/wp-content\/uploads\/2019\/12\/feijoada-rubaiyat-1024x538.jpeg 1024w\" sizes=\"auto, (max-width: 836px) 100vw, 836px\" \/><\/strong><br \/>\nNo Rubaiyat Madrid, o tradicional restaurante de carnes incorpora \u00e0 sua proposta gastron\u00f4mica o prato nacional do Brasil todos os s\u00e1bados, tendo se tornado um cl\u00e1ssico da capital e compromisso marcado nas agendas da clientela regular. Para o fim de ano, oferece excelentes card\u00e1pios, al\u00e9m de uma ceia muito especial na noite de R\u00e9veillon com pratos que j\u00e1 s\u00e3o cl\u00e1ssicos como Lagosta com parmentier de batata ou lombo grelhado com molho de jabugo.Hospede-se no novo Heritage Madrid, hotel instalado em uma mans\u00e3o do in\u00edcio dos anos 1900 em Salamanca, o bairro mais chique da capital, e que leva o selo Relais Chateaux.<\/p>\n<p>&nbsp;<\/p>\n<p><strong>Jackson Hole, Wyoming, Eua<\/strong><\/p>\n<p><img loading=\"lazy\" decoding=\"async\" class=\"aligncenter size-full wp-image-13406\" src=\"https:\/\/jusprev.org.br\/backup\/wp-content\/uploads\/2019\/12\/jackson-hole.jpg\" alt=\"\" width=\"600\" height=\"331\" srcset=\"https:\/\/jusprev.org.br\/backup\/wp-content\/uploads\/2019\/12\/jackson-hole.jpg 600w, https:\/\/jusprev.org.br\/backup\/wp-content\/uploads\/2019\/12\/jackson-hole-300x166.jpg 300w\" sizes=\"auto, (max-width: 600px) 100vw, 600px\" \/><\/p>\n<p>Neve, esqui, Papai Noel, luzes coloridas e muitas atividades natalinas agitam um dos melhores destinos de inverno dos Estados Unidos.\u00a0 Na cidade hist\u00f3rica, dan\u00e7as, mercados, corais e v\u00e1rias atividades preenchem o calend\u00e1rio durante as festas de fim de ano, transformando o resort de montanha em um cen\u00e1rio m\u00e1gico.<\/p>\n<p>O Papai Noel vai aparecer no estilo Jackson Hole na base do telef\u00e9rico na ter\u00e7a-feira, 24 de dezembro \u00e0s 16h30. No dia 25 de dezembro, os menores podem esquiar com o Papai Noel das 11h \u00e0s 13h. O Jackson Hole Mountain Resort oferecer\u00e1 outras atividades familiares ao longo da semana, incluindo decora\u00e7\u00e3o de biscoitos de natal, patina\u00e7\u00e3o no gelo e passeios de tren\u00f3.<\/p>\n<p>The Wort Hotel estar\u00e1 decorado com luzes maravilhosas e sediar\u00e1 12 dias de Natal, de 7 a 31 de dezembro, oferecendo atividades divertidas para toda a fam\u00edlia, desde workshops para decorar biscoitos de gengibre tradicionais ao brunch com o Papai Noel.<\/p>\n<p>&nbsp;<\/p>\n<p><strong>SUD Lisboa, Portugal<\/strong><\/p>\n<p><img loading=\"lazy\" decoding=\"async\" class=\"aligncenter wp-image-13420\" src=\"https:\/\/jusprev.org.br\/backup\/wp-content\/uploads\/2019\/12\/SUD-Lisboa-Hall_P\u00e9rola-de-Vieiras-Caviar-de-Lima-e-Kumquat-1.jpg\" alt=\"\" width=\"621\" height=\"452\" srcset=\"https:\/\/jusprev.org.br\/backup\/wp-content\/uploads\/2019\/12\/SUD-Lisboa-Hall_P\u00e9rola-de-Vieiras-Caviar-de-Lima-e-Kumquat-1.jpg 3942w, https:\/\/jusprev.org.br\/backup\/wp-content\/uploads\/2019\/12\/SUD-Lisboa-Hall_P\u00e9rola-de-Vieiras-Caviar-de-Lima-e-Kumquat-1-300x218.jpg 300w, https:\/\/jusprev.org.br\/backup\/wp-content\/uploads\/2019\/12\/SUD-Lisboa-Hall_P\u00e9rola-de-Vieiras-Caviar-de-Lima-e-Kumquat-1-768x559.jpg 768w, https:\/\/jusprev.org.br\/backup\/wp-content\/uploads\/2019\/12\/SUD-Lisboa-Hall_P\u00e9rola-de-Vieiras-Caviar-de-Lima-e-Kumquat-1-1024x745.jpg 1024w\" sizes=\"auto, (max-width: 621px) 100vw, 621px\" \/><\/p>\n<p>Uma noite m\u00e1gica \u00e0 beira do Rio Tejo, com show de Julio Iglesias Jr e uma ceia de gala fabulosa que promete superar todas as expectativas, para uma auspiciosa entrada no ano de 2020. O SUD Timeless Reveillon oferece ainda diversas performances protagonizadas por artistas e bailarinos que v\u00e3o acompanhar uma experi\u00eancia gastron\u00f4mica pautada por surpreendentes sabores e assinada pelo Chef Angel Reyes.<\/p>\n<p>No momento das doze badaladas, todos os convidados poder\u00e3o subir ao rooftop do SUD Lisboa Hall para assistir a um incompar\u00e1vel espet\u00e1culo, que j\u00e1 se tornou uma tradi\u00e7\u00e3o de fim-de-ano no SUD Lisboa: o melhor fogo-de-artificio no melhor cen\u00e1rio da cidade de Lisboa, com a Ponte 25 de Abril e o Cristo-Rei como pano de fundo. Ap\u00f3s o concerto, a noite prossegue em festa com DJ\u2019s e bailarinos que v\u00e3o animar a pista de dan\u00e7a, oferecendo a todos os convidados um incr\u00edvel in\u00edcio de ano de 2020.<\/p>\n<p>Para se hospedar, escolha o Epic Sana no centro de Lisboa ou o Myriad, no Parque das Na\u00e7\u00f5es, cujo restaurante Fifty Seconds by Martin Berasategui acaba de ganhar uma estrela Michelin.<\/p>\n<p>Solicite o or\u00e7amento com as ofertas nos contatos abaixo e aproveite o final de ano repleto de magia, alegria, amor e estilo.<\/p>\n<p>&nbsp;<\/p>\n<p><strong>ONDE IR EM JANEIRO<\/strong><\/p>\n<p><strong>Boipeba, a Polin\u00e9sia Baiana<\/strong><\/p>\n<p><img loading=\"lazy\" decoding=\"async\" class=\"aligncenter size-full wp-image-13407\" src=\"https:\/\/jusprev.org.br\/backup\/wp-content\/uploads\/2019\/12\/boipeba.jpg\" alt=\"\" width=\"900\" height=\"529\" srcset=\"https:\/\/jusprev.org.br\/backup\/wp-content\/uploads\/2019\/12\/boipeba.jpg 900w, https:\/\/jusprev.org.br\/backup\/wp-content\/uploads\/2019\/12\/boipeba-300x176.jpg 300w, https:\/\/jusprev.org.br\/backup\/wp-content\/uploads\/2019\/12\/boipeba-768x451.jpg 768w\" sizes=\"auto, (max-width: 900px) 100vw, 900px\" \/><\/p>\n<p>Descanso. Essas oito letrinhas parecem sintetizar o que esse destino tem a oferecer. Tanto para o corpo quanto para a mente. Ah, e um repouso merecido para os olhos, j\u00e1 que a Ilha de Boipeba, na Bahia, \u00e9 um desses destinos do nosso litoral que onde o tempo parece passar em outra dimens\u00e3o. Um lugar para esquecer do mundo e lembrar de voc\u00ea, do seu par ou da sua fam\u00edlia.<\/p>\n<p>A Pousada Mangabeiras \u00e9 um dos nossos ref\u00fagios de praia preferidos no Brasil. Por sinal, a National Geographic Traveller Magazine tamb\u00e9m a incluiu em sua seleta lista de 19 Hot\u00e9is Favoritos. A regi\u00e3o da Costa do Dend\u00ea recebeu o apelido carinhoso de \u201cPolin\u00e9sia Baiana\u201d e, sem exagero, concentra algumas das melhores praias do Brasil.<\/p>\n<p>&nbsp;<\/p>\n<p><strong>Vin\u00edcola Matetic, Chile<\/strong><\/p>\n<p><img loading=\"lazy\" decoding=\"async\" class=\"aligncenter size-full wp-image-13416\" src=\"https:\/\/jusprev.org.br\/backup\/wp-content\/uploads\/2019\/12\/vinicula-matetic-chile.jpg\" alt=\"\" width=\"900\" height=\"458\" srcset=\"https:\/\/jusprev.org.br\/backup\/wp-content\/uploads\/2019\/12\/vinicula-matetic-chile.jpg 900w, https:\/\/jusprev.org.br\/backup\/wp-content\/uploads\/2019\/12\/vinicula-matetic-chile-300x153.jpg 300w, https:\/\/jusprev.org.br\/backup\/wp-content\/uploads\/2019\/12\/vinicula-matetic-chile-768x391.jpg 768w\" sizes=\"auto, (max-width: 900px) 100vw, 900px\" \/><\/p>\n<p>Localizado na regi\u00e3o costeira dos vales de San Antonio e Casablanca, no Chile, a apenas 1h20 por terra de Santiago, a Vin\u00edcola Matetic e seu hotel-boutique, La Casona, s\u00e3o um destino tur\u00edstico completo, pois conjugam experi\u00eancias gustativas e hospedagem de alto padr\u00e3o. Para os apreciadores de vinho n\u00e3o h\u00e1 lugar mais perfeito, j\u00e1 que podem se inebriar em degusta\u00e7\u00f5es et\u00edlicas, al\u00e9m de fazer passeios pelos vinhedos e pela paisagem campestre da propriedade. O mesmo vale para fam\u00edlias, j\u00e1 que adultos e crian\u00e7as podem praticar, juntos, atividades diversas, como trekking, mountain bike e cavalgadas.<\/p>\n<p>Sin\u00f4nimo de excel\u00eancia em hotelaria, o La Casona disponibiliza apartamentos espa\u00e7osos \u2013 todos com nomes de cepas de vinhos. Pelas janelas se descortina a privilegiada vista para os vinhedos e jardins e, nas \u00e1reas comuns, sala de estar com lareira e mesa de bilhar est\u00e3o ao dispor dos clientes.<\/p>\n<p>Desde 1999, esta est\u00e2ncia \u2013 hoje com 9 mil hectares &#8211; se tornou refer\u00eancia no plantio de Syrah de clima fresco. Se tradi\u00e7\u00e3o \u00e9 um voc\u00e1bulo importante quando se trata de vinho, os costumes desta terra s\u00e3o honrados pelo Corralillo, selo que leva o nome de uma antiga adega do Vale do Ros\u00e1rio. De paladar frutado, ele convida o apreciador a conhecer mais a fundo os sabores do terroir costeiro do Chile.<\/p>\n<p>&nbsp;<\/p>\n<p><strong>Patag\u00f4nia Argentina e Chilena<\/strong><\/p>\n<p><img loading=\"lazy\" decoding=\"async\" class=\"aligncenter size-full wp-image-13405\" src=\"https:\/\/jusprev.org.br\/backup\/wp-content\/uploads\/2019\/12\/patagonia-cruzeiro-stella-australis.jpg\" alt=\"\" width=\"900\" height=\"636\" srcset=\"https:\/\/jusprev.org.br\/backup\/wp-content\/uploads\/2019\/12\/patagonia-cruzeiro-stella-australis.jpg 900w, https:\/\/jusprev.org.br\/backup\/wp-content\/uploads\/2019\/12\/patagonia-cruzeiro-stella-australis-300x212.jpg 300w, https:\/\/jusprev.org.br\/backup\/wp-content\/uploads\/2019\/12\/patagonia-cruzeiro-stella-australis-768x543.jpg 768w\" sizes=\"auto, (max-width: 900px) 100vw, 900px\" \/><\/p>\n<p>A porta de entrada para conhecer os glaciares da Argentina \u00e9 El Calafate, pequena cidade pertencente \u00e0 prov\u00edncia de Santa Cruz, pr\u00f3xima \u00e0 fronteira com o Chile. \u00c9 de l\u00e1 que, durante o fim da primavera e o come\u00e7o do outono, partem em barcos de borracha levas de turistas do mundo todo para conhecer o Glaciar Perito Moreno, a maior forma\u00e7\u00e3o deste tipo com 5 km de extens\u00e3o e pontos que chegam a 60 m de altura.<\/p>\n<p>Combine a viagem com Ushuaia, o ponto final da Am\u00e9rica no hemisf\u00e9rio sul. Trata-se da \u00faltima cidade da Am\u00e9rica antes de chegarmos a Ant\u00e1rtica. Al\u00e9m de Ushuaia, n\u00e3o h\u00e1 mais terrenos habitados no planeta. Justamente por isso a visita a esta regi\u00e3o \u00e9 inesquec\u00edvel. Conhe\u00e7a os \u00faltimos fragmentos da Cordilheira dos Andes al\u00e9m de impressionantes glaciais. Atividades ao ar livre s\u00e3o o forte da cidade, apesar do frio.<\/p>\n<p>Uma alternativa mais original \u00e9 embarcar no Cruzeiro Australis Stella. Explore as maravilhas dos canais mais austrais da Patag\u00f4nia e percorra as principais atra\u00e7\u00f5es da Terra do Fogo, o Estreito de Magalh\u00e3es, o canal Beagle e o Cabo Horn. Os programas dispon\u00edveis s\u00e3o: A, de Punta Arenas (Chile) a Ushuaia (Argentina); B, de Ushuaia (Argentina) a Punta Arenas (Chile); C, de Ushuaia (Argentina) a Punta Arenas (Chile).<\/p>\n<p>Solicite o or\u00e7amento nos contatos abaixo e aproveite o final de ano repleto de magia, alegria, amor e estilo.<\/p>\n<p>&nbsp;<\/p>\n<p><strong>Alugar carro ou chamar taxi durante a viagem, qual \u00e9 o mais vantajoso?<\/strong><\/p>\n<p><img loading=\"lazy\" decoding=\"async\" class=\"aligncenter wp-image-13409\" src=\"https:\/\/jusprev.org.br\/backup\/wp-content\/uploads\/2019\/12\/aluguel-de-carro.jpg\" alt=\"\" width=\"843\" height=\"560\" srcset=\"https:\/\/jusprev.org.br\/backup\/wp-content\/uploads\/2019\/12\/aluguel-de-carro.jpg 1920w, https:\/\/jusprev.org.br\/backup\/wp-content\/uploads\/2019\/12\/aluguel-de-carro-300x199.jpg 300w, https:\/\/jusprev.org.br\/backup\/wp-content\/uploads\/2019\/12\/aluguel-de-carro-768x510.jpg 768w, https:\/\/jusprev.org.br\/backup\/wp-content\/uploads\/2019\/12\/aluguel-de-carro-1024x681.jpg 1024w\" sizes=\"auto, (max-width: 843px) 100vw, 843px\" \/><\/p>\n<p>A resposta \u00e9 depende: do seu destino, do seu estilo e do seu objetivo. Geralmente viajar para cidades grandes principalmente no exterior, \u00e9 mais vantajoso usar o Uber, porque \u00e9 dif\u00edcil encontrar vagas de estacionamento, que costumam ser caras, e em cidades hist\u00f3ricas, h\u00e1 muitos trechos em que apenas ve\u00edculos de moradores locais podem trafegar ou estacionar.<\/p>\n<p>Para percorrer o pa\u00eds, a\u00ed sim vale a pena alugar o carro pelo conforto e pela flexibilidade de hor\u00e1rios e rotas, j\u00e1 que muitos vilarejos e cidadezinhas t\u00eam op\u00e7\u00f5es de transporte p\u00fablico restritas. Note que \u00e9 importante se inteirar das regras de tr\u00e2nsito locais para evitar multas indesejadas.<\/p>\n<p>Se voc\u00ea vai a cidades brasileiras, considere o tempo que gasta no tr\u00e2nsito, bem como o valor do estacionamento versus a o conforto e a flexibilidade de se deslocar a v\u00e1rios lugares no mesmo dia. Em simula\u00e7\u00f5es de visitantes a neg\u00f3cios ou a lazer, o aluguel de carros \u00e9 levemente mais econ\u00f4mico do que o t\u00e1xi, com vantagem de mobilidade e independ\u00eancia, mesmo considerando estacionamento e abastecimento.<\/p>\n<p>Os sites agregadores facilitam a pesquisa de di\u00e1rias nas principais locadoras, com a vantagem de pagar em reais, parcelado e sem IOF. <a href=\"https:\/\/www.rentcars.com\/pt-br\/?requestorid=637\">Simule uma cota\u00e7\u00e3o aqui<\/a>.<\/p>\n<p>&nbsp;<\/p>\n<p>Consulte-nos para pedir um or\u00e7amento e personalizar sua viagem. <a href=\"https:\/\/api.whatsapp.com\/send?1=pt_BR&amp;phone=5511999892862\">Clique aqui<\/a> para enviar mensagem por Whatsapp (11 9 9989 2862) ou escreva para reservas@acamminare.com.<\/p>\n<p>Excelentes viagens e momentos \u00fanicos,<\/p>\n<p><a href=\"https:\/\/www.instagram.com\/adri.lage\/\"><strong>Adriana Lage<\/strong><\/a><\/p>\n<p><a href=\"https:\/\/www.yumpu.com\/pt\/document\/read\/62643600\/a-camminare-traveller-ed-02\"><strong>Leia a revista aqui<\/strong><\/a><\/p>\n","protected":false},"excerpt":{"rendered":"<p>Enfim 2019 est\u00e1 terminando e ainda d\u00e1 tempo de planejar viagens de natal, ano novo e f\u00e9rias de janeiro. Quer viajar para o Brasil ou para o exterior? Ver\u00e3o ou&#8230;<\/p>\n","protected":false},"author":1,"featured_media":13400,"comment_status":"open","ping_status":"closed","sticky":false,"template":"","format":"standard","meta":{"footnotes":""},"categories":[50,52,31],"tags":[],"class_list":["post-13370","post","type-post","status-publish","format-standard","has-post-thumbnail","hentry","category-clube_de_vantagens","category-destaque","category-noticias"],"_links":{"self":[{"href":"https:\/\/jusprev.org.br\/backup\/wp-json\/wp\/v2\/posts\/13370","targetHints":{"allow":["GET"]}}],"collection":[{"href":"https:\/\/jusprev.org.br\/backup\/wp-json\/wp\/v2\/posts"}],"about":[{"href":"https:\/\/jusprev.org.br\/backup\/wp-json\/wp\/v2\/types\/post"}],"author":[{"embeddable":true,"href":"https:\/\/jusprev.org.br\/backup\/wp-json\/wp\/v2\/users\/1"}],"replies":[{"embeddable":true,"href":"https:\/\/jusprev.org.br\/backup\/wp-json\/wp\/v2\/comments?post=13370"}],"version-history":[{"count":11,"href":"https:\/\/jusprev.org.br\/backup\/wp-json\/wp\/v2\/posts\/13370\/revisions"}],"predecessor-version":[{"id":13422,"href":"https:\/\/jusprev.org.br\/backup\/wp-json\/wp\/v2\/posts\/13370\/revisions\/13422"}],"wp:featuredmedia":[{"embeddable":true,"href":"https:\/\/jusprev.org.br\/backup\/wp-json\/wp\/v2\/media\/13400"}],"wp:attachment":[{"href":"https:\/\/jusprev.org.br\/backup\/wp-json\/wp\/v2\/media?parent=13370"}],"wp:term":[{"taxonomy":"category","embeddable":true,"href":"https:\/\/jusprev.org.br\/backup\/wp-json\/wp\/v2\/categories?post=13370"},{"taxonomy":"post_tag","embeddable":true,"href":"https:\/\/jusprev.org.br\/backup\/wp-json\/wp\/v2\/tags?post=13370"}],"curies":[{"name":"wp","href":"https:\/\/api.w.org\/{rel}","templated":true}]}}