{"id":13383,"date":"2019-12-04T10:13:27","date_gmt":"2019-12-04T13:13:27","guid":{"rendered":"https:\/\/jusprev.org.br\/backup\/?p=13383"},"modified":"2019-12-05T09:34:19","modified_gmt":"2019-12-05T12:34:19","slug":"jusprev-realiza-palestra-na-ameron","status":"publish","type":"post","link":"https:\/\/jusprev.org.br\/backup\/jusprev-realiza-palestra-na-ameron\/","title":{"rendered":"Jusprev realiza palestra na sede da Ameron"},"content":{"rendered":"<p style=\"text-align: center;\"><em>Participaram associados da Ameron, Ampro e Amatra 14<\/em><\/p>\n<p style=\"text-align: left;\">A Jusprev promoveu no \u00faltimo dia 02 uma palestra sobre Previd\u00eancia Complementar e o plano de benef\u00edcios previdenci\u00e1rios oferecido pela Entidade, o Planjus. O evento foi realizado para associados da Ameron (Associa\u00e7\u00e3o dos Magistrados do Estado de Rond\u00f4nia), da\u00a0 Ampro (Associa\u00e7\u00e3o do Minist\u00e9rio P\u00fablico de Rond\u00f4nia) e da Amatra 14 (Associa\u00e7\u00e3o dos Magistrados da Justi\u00e7a do Trabalho da 14\u00aa Regi\u00e3o &#8211; Rond\u00f4nia e Acre).<\/p>\n<p style=\"text-align: left;\">Estiveram presentes o Presidente da Ameron, desembargador Alexandre Miguel e mais de 25 associados das entidades. A palestra foi ministrada pela gerente da Jusprev, Deborah Maggio e pelo diretor de eventos da Ameron, Francisco Borges, que comp\u00f5e o Comit\u00ea de Investimentos da Jusprev.<\/p>\n<p><img loading=\"lazy\" decoding=\"async\" class=\"aligncenter wp-image-13384\" src=\"https:\/\/jusprev.org.br\/backup\/wp-content\/uploads\/2019\/12\/1d6693eb-1b82-4302-ab16-cd46aef5867a.jpg\" alt=\"\" width=\"659\" height=\"439\" srcset=\"https:\/\/jusprev.org.br\/backup\/wp-content\/uploads\/2019\/12\/1d6693eb-1b82-4302-ab16-cd46aef5867a.jpg 1280w, https:\/\/jusprev.org.br\/backup\/wp-content\/uploads\/2019\/12\/1d6693eb-1b82-4302-ab16-cd46aef5867a-300x200.jpg 300w, https:\/\/jusprev.org.br\/backup\/wp-content\/uploads\/2019\/12\/1d6693eb-1b82-4302-ab16-cd46aef5867a-768x512.jpg 768w, https:\/\/jusprev.org.br\/backup\/wp-content\/uploads\/2019\/12\/1d6693eb-1b82-4302-ab16-cd46aef5867a-1024x682.jpg 1024w\" sizes=\"auto, (max-width: 659px) 100vw, 659px\" \/><\/p>\n<p><img loading=\"lazy\" decoding=\"async\" class=\"aligncenter wp-image-13385\" src=\"https:\/\/jusprev.org.br\/backup\/wp-content\/uploads\/2019\/12\/620a096d-bca0-43bf-a7a4-fd872a6a1659.jpg\" alt=\"\" width=\"656\" height=\"369\" srcset=\"https:\/\/jusprev.org.br\/backup\/wp-content\/uploads\/2019\/12\/620a096d-bca0-43bf-a7a4-fd872a6a1659.jpg 1280w, https:\/\/jusprev.org.br\/backup\/wp-content\/uploads\/2019\/12\/620a096d-bca0-43bf-a7a4-fd872a6a1659-300x169.jpg 300w, https:\/\/jusprev.org.br\/backup\/wp-content\/uploads\/2019\/12\/620a096d-bca0-43bf-a7a4-fd872a6a1659-768x432.jpg 768w, https:\/\/jusprev.org.br\/backup\/wp-content\/uploads\/2019\/12\/620a096d-bca0-43bf-a7a4-fd872a6a1659-1024x576.jpg 1024w\" sizes=\"auto, (max-width: 656px) 100vw, 656px\" \/><\/p>\n<p><img loading=\"lazy\" decoding=\"async\" class=\"aligncenter wp-image-13386\" src=\"https:\/\/jusprev.org.br\/backup\/wp-content\/uploads\/2019\/12\/c8305f74-c143-49ed-96ba-0385d1234e79.jpg\" alt=\"\" width=\"657\" height=\"437\" srcset=\"https:\/\/jusprev.org.br\/backup\/wp-content\/uploads\/2019\/12\/c8305f74-c143-49ed-96ba-0385d1234e79.jpg 1280w, https:\/\/jusprev.org.br\/backup\/wp-content\/uploads\/2019\/12\/c8305f74-c143-49ed-96ba-0385d1234e79-300x200.jpg 300w, https:\/\/jusprev.org.br\/backup\/wp-content\/uploads\/2019\/12\/c8305f74-c143-49ed-96ba-0385d1234e79-768x512.jpg 768w, https:\/\/jusprev.org.br\/backup\/wp-content\/uploads\/2019\/12\/c8305f74-c143-49ed-96ba-0385d1234e79-1024x682.jpg 1024w\" sizes=\"auto, (max-width: 657px) 100vw, 657px\" \/><\/p>\n<p><img loading=\"lazy\" decoding=\"async\" class=\"aligncenter wp-image-13387\" src=\"https:\/\/jusprev.org.br\/backup\/wp-content\/uploads\/2019\/12\/190d3685-a888-4de8-8490-acdac2efe449.jpg\" alt=\"\" width=\"653\" height=\"435\" srcset=\"https:\/\/jusprev.org.br\/backup\/wp-content\/uploads\/2019\/12\/190d3685-a888-4de8-8490-acdac2efe449.jpg 1280w, https:\/\/jusprev.org.br\/backup\/wp-content\/uploads\/2019\/12\/190d3685-a888-4de8-8490-acdac2efe449-300x200.jpg 300w, https:\/\/jusprev.org.br\/backup\/wp-content\/uploads\/2019\/12\/190d3685-a888-4de8-8490-acdac2efe449-768x512.jpg 768w, https:\/\/jusprev.org.br\/backup\/wp-content\/uploads\/2019\/12\/190d3685-a888-4de8-8490-acdac2efe449-1024x682.jpg 1024w\" sizes=\"auto, (max-width: 653px) 100vw, 653px\" \/><\/p>\n<p>&nbsp;<\/p>\n","protected":false},"excerpt":{"rendered":"<p>Participaram associados da Ameron, Ampro e Amatra 14 A Jusprev promoveu no \u00faltimo dia 02 uma palestra sobre Previd\u00eancia Complementar e o plano de benef\u00edcios previdenci\u00e1rios oferecido pela Entidade, o&#8230;<\/p>\n","protected":false},"author":1,"featured_media":13388,"comment_status":"open","ping_status":"closed","sticky":false,"template":"","format":"standard","meta":{"footnotes":""},"categories":[52,31],"tags":[],"class_list":["post-13383","post","type-post","status-publish","format-standard","has-post-thumbnail","hentry","category-destaque","category-noticias"],"_links":{"self":[{"href":"https:\/\/jusprev.org.br\/backup\/wp-json\/wp\/v2\/posts\/13383","targetHints":{"allow":["GET"]}}],"collection":[{"href":"https:\/\/jusprev.org.br\/backup\/wp-json\/wp\/v2\/posts"}],"about":[{"href":"https:\/\/jusprev.org.br\/backup\/wp-json\/wp\/v2\/types\/post"}],"author":[{"embeddable":true,"href":"https:\/\/jusprev.org.br\/backup\/wp-json\/wp\/v2\/users\/1"}],"replies":[{"embeddable":true,"href":"https:\/\/jusprev.org.br\/backup\/wp-json\/wp\/v2\/comments?post=13383"}],"version-history":[{"count":5,"href":"https:\/\/jusprev.org.br\/backup\/wp-json\/wp\/v2\/posts\/13383\/revisions"}],"predecessor-version":[{"id":13397,"href":"https:\/\/jusprev.org.br\/backup\/wp-json\/wp\/v2\/posts\/13383\/revisions\/13397"}],"wp:featuredmedia":[{"embeddable":true,"href":"https:\/\/jusprev.org.br\/backup\/wp-json\/wp\/v2\/media\/13388"}],"wp:attachment":[{"href":"https:\/\/jusprev.org.br\/backup\/wp-json\/wp\/v2\/media?parent=13383"}],"wp:term":[{"taxonomy":"category","embeddable":true,"href":"https:\/\/jusprev.org.br\/backup\/wp-json\/wp\/v2\/categories?post=13383"},{"taxonomy":"post_tag","embeddable":true,"href":"https:\/\/jusprev.org.br\/backup\/wp-json\/wp\/v2\/tags?post=13383"}],"curies":[{"name":"wp","href":"https:\/\/api.w.org\/{rel}","templated":true}]}}