{"id":13425,"date":"2019-12-06T09:21:19","date_gmt":"2019-12-06T12:21:19","guid":{"rendered":"https:\/\/jusprev.org.br\/backup\/?p=13425"},"modified":"2019-12-19T15:40:08","modified_gmt":"2019-12-19T18:40:08","slug":"12-anos-jusprev-celebre-conosco","status":"publish","type":"post","link":"https:\/\/jusprev.org.br\/backup\/12-anos-jusprev-celebre-conosco\/","title":{"rendered":"12 ANOS JUSPREV. CELEBRE CONOSCO!"},"content":{"rendered":"<p>Hoje, 06 de dezembro, comemoramos 12 anos de hist\u00f3ria. Tempo que representa a for\u00e7a da uni\u00e3o associativa em prol de um futuro seguro e tranquilo para nossos participantes e assistidos!<\/p>\n<p>Quando come\u00e7amos, em 2007, aliamos Associa\u00e7\u00f5es de Carreiras Jur\u00eddicas P\u00fablicas e Auditores Fiscais da Receita Federal a pessoas. Todo o esfor\u00e7o tinha um objetivo principal: promover a merecida qualidade de vida e tranquilidade no amanh\u00e3. Assim nascemos e seguiremos, sem jamais esquecermos nossas ra\u00edzes.<\/p>\n<p>Isso nos tornou a maior uni\u00e3o formal de Associa\u00e7\u00f5es de Carreiras P\u00fablicas do pa\u00eds! Hoje, somos uma entidade s\u00f3lida, com mais de 3.000 participantes, 84 associa\u00e7\u00f5es instituidoras de todo o Brasil e um patrim\u00f4nio previdenci\u00e1rio de quase R$ 300 milh\u00f5es.<\/p>\n<p>Nada disso teria sido poss\u00edvel sem nossos participantes e assistidos, associa\u00e7\u00f5es instituidoras, dirigentes e colaboradores. Por isso, zelar pelo bem-estar no futuro de cada um continuar\u00e1 sendo nossa miss\u00e3o principal. \u00c9 essa ess\u00eancia que nos fortalece.<\/p>\n<p>Portanto, queremos agradecer a voc\u00ea e todos que os contribu\u00edram para mostrar que a uni\u00e3o associativa tem for\u00e7a! \u00a0Juntos, podemos conquistar os nossos objetivos, realizar sonhos, zelar por um futuro melhor!<\/p>\n<div style=\"width: 1000px;\" class=\"wp-video\"><video class=\"wp-video-shortcode\" id=\"video-13425-1\" width=\"1000\" height=\"1000\" preload=\"metadata\" controls=\"controls\"><source type=\"video\/mp4\" src=\"https:\/\/jusprev.org.br\/backup\/wp-content\/uploads\/2019\/12\/WhatsApp-Video-2019-12-19-at-10.04.49.mp4?_=1\" \/><a href=\"https:\/\/jusprev.org.br\/backup\/wp-content\/uploads\/2019\/12\/WhatsApp-Video-2019-12-19-at-10.04.49.mp4\">https:\/\/jusprev.org.br\/backup\/wp-content\/uploads\/2019\/12\/WhatsApp-Video-2019-12-19-at-10.04.49.mp4<\/a><\/video><\/div>\n<p>&nbsp;<\/p>\n<p>&nbsp;<\/p>\n","protected":false},"excerpt":{"rendered":"<p>Hoje, 06 de dezembro, comemoramos 12 anos de hist\u00f3ria. Tempo que representa a for\u00e7a da uni\u00e3o associativa em prol de um futuro seguro e tranquilo para nossos participantes e assistidos!&#8230;<\/p>\n","protected":false},"author":1,"featured_media":13427,"comment_status":"open","ping_status":"closed","sticky":false,"template":"","format":"standard","meta":{"footnotes":""},"categories":[52,31],"tags":[],"class_list":["post-13425","post","type-post","status-publish","format-standard","has-post-thumbnail","hentry","category-destaque","category-noticias"],"_links":{"self":[{"href":"https:\/\/jusprev.org.br\/backup\/wp-json\/wp\/v2\/posts\/13425","targetHints":{"allow":["GET"]}}],"collection":[{"href":"https:\/\/jusprev.org.br\/backup\/wp-json\/wp\/v2\/posts"}],"about":[{"href":"https:\/\/jusprev.org.br\/backup\/wp-json\/wp\/v2\/types\/post"}],"author":[{"embeddable":true,"href":"https:\/\/jusprev.org.br\/backup\/wp-json\/wp\/v2\/users\/1"}],"replies":[{"embeddable":true,"href":"https:\/\/jusprev.org.br\/backup\/wp-json\/wp\/v2\/comments?post=13425"}],"version-history":[{"count":4,"href":"https:\/\/jusprev.org.br\/backup\/wp-json\/wp\/v2\/posts\/13425\/revisions"}],"predecessor-version":[{"id":13484,"href":"https:\/\/jusprev.org.br\/backup\/wp-json\/wp\/v2\/posts\/13425\/revisions\/13484"}],"wp:featuredmedia":[{"embeddable":true,"href":"https:\/\/jusprev.org.br\/backup\/wp-json\/wp\/v2\/media\/13427"}],"wp:attachment":[{"href":"https:\/\/jusprev.org.br\/backup\/wp-json\/wp\/v2\/media?parent=13425"}],"wp:term":[{"taxonomy":"category","embeddable":true,"href":"https:\/\/jusprev.org.br\/backup\/wp-json\/wp\/v2\/categories?post=13425"},{"taxonomy":"post_tag","embeddable":true,"href":"https:\/\/jusprev.org.br\/backup\/wp-json\/wp\/v2\/tags?post=13425"}],"curies":[{"name":"wp","href":"https:\/\/api.w.org\/{rel}","templated":true}]}}