{"id":13429,"date":"2019-12-06T10:31:41","date_gmt":"2019-12-06T13:31:41","guid":{"rendered":"https:\/\/jusprev.org.br\/backup\/?p=13429"},"modified":"2019-12-09T17:23:51","modified_gmt":"2019-12-09T20:23:51","slug":"palestra-da-jusprev-e-realizada-em-assembleia-da-ampcon","status":"publish","type":"post","link":"https:\/\/jusprev.org.br\/backup\/palestra-da-jusprev-e-realizada-em-assembleia-da-ampcon\/","title":{"rendered":"Palestra da Jusprev \u00e9 realizada em Assembleia da AMPCON"},"content":{"rendered":"<p style=\"text-align: center;\"><em>Reuni\u00e3o aconteceu durante o X F\u00f3rum Nacional de Procuradores do Minist\u00e9rio P\u00fablico de Contas<\/em><\/p>\n<p>A Jusprev participou, entre os dias 04 e 06 de dezembro, em Manaus (AM), do X F\u00f3rum Nacional de Procuradores do Minist\u00e9rio P\u00fablico de Contas, com a realiza\u00e7\u00e3o de uma palestra sobre previd\u00eancia complementar o Planjus, o plano de benef\u00edcios previdenci\u00e1rios administrado pela entidade. A apresenta\u00e7\u00e3o aconteceu durante a Assembleia da AMPCON \u2013 Associa\u00e7\u00e3o Nacional do Minist\u00e9rio P\u00fablico de Contas, que integrou a programa\u00e7\u00e3o do F\u00f3rum.<\/p>\n<p>A palestra da Jusprev foi realizada pela gerente Deborah Maggio. Tamb\u00e9m esteve presente o consultor previdenci\u00e1rio da Regi\u00e3o Norte, Fabio Roger, que realizou atendimentos para associados no local. Participaram do evento associados e dirigentes da AMPCON.<\/p>\n<p>Neste ano, o F\u00f3rum teve como tema central\u00a0\u201cO Controle Externo na Era Digital\u201d e reuniu membros do MPC brasileiro, atores do Controle Externo, operadores do Direito e o p\u00fablico em geral, para importantes debates\u00a0sobre o uso de sistemas de intelig\u00eancia e as parcerias institucionais como meios de otimizar e conferir maior efetividade ao Controle Externo da Administra\u00e7\u00e3o P\u00fablica brasileira.<\/p>\n<p><img loading=\"lazy\" decoding=\"async\" class=\"aligncenter wp-image-13430\" src=\"https:\/\/jusprev.org.br\/backup\/wp-content\/uploads\/2019\/12\/6f852a0e-0cb5-490e-ae6d-2c0b95cd9fff.jpg\" alt=\"\" width=\"425\" height=\"283\" srcset=\"https:\/\/jusprev.org.br\/backup\/wp-content\/uploads\/2019\/12\/6f852a0e-0cb5-490e-ae6d-2c0b95cd9fff.jpg 1280w, https:\/\/jusprev.org.br\/backup\/wp-content\/uploads\/2019\/12\/6f852a0e-0cb5-490e-ae6d-2c0b95cd9fff-300x200.jpg 300w, https:\/\/jusprev.org.br\/backup\/wp-content\/uploads\/2019\/12\/6f852a0e-0cb5-490e-ae6d-2c0b95cd9fff-768x512.jpg 768w, https:\/\/jusprev.org.br\/backup\/wp-content\/uploads\/2019\/12\/6f852a0e-0cb5-490e-ae6d-2c0b95cd9fff-1024x682.jpg 1024w\" sizes=\"auto, (max-width: 425px) 100vw, 425px\" \/><\/p>\n<p><img loading=\"lazy\" decoding=\"async\" class=\"aligncenter wp-image-13431\" src=\"https:\/\/jusprev.org.br\/backup\/wp-content\/uploads\/2019\/12\/452d80a8-0bcd-461e-b2e7-43bc3d1ed2da.jpg\" alt=\"\" width=\"418\" height=\"278\" srcset=\"https:\/\/jusprev.org.br\/backup\/wp-content\/uploads\/2019\/12\/452d80a8-0bcd-461e-b2e7-43bc3d1ed2da.jpg 1280w, https:\/\/jusprev.org.br\/backup\/wp-content\/uploads\/2019\/12\/452d80a8-0bcd-461e-b2e7-43bc3d1ed2da-300x200.jpg 300w, https:\/\/jusprev.org.br\/backup\/wp-content\/uploads\/2019\/12\/452d80a8-0bcd-461e-b2e7-43bc3d1ed2da-768x512.jpg 768w, https:\/\/jusprev.org.br\/backup\/wp-content\/uploads\/2019\/12\/452d80a8-0bcd-461e-b2e7-43bc3d1ed2da-1024x682.jpg 1024w\" sizes=\"auto, (max-width: 418px) 100vw, 418px\" \/><\/p>\n<p><img loading=\"lazy\" decoding=\"async\" class=\"aligncenter wp-image-13432\" src=\"https:\/\/jusprev.org.br\/backup\/wp-content\/uploads\/2019\/12\/a12c4976-24b9-496f-8635-d9fc256c2188.jpg\" alt=\"\" width=\"423\" height=\"282\" srcset=\"https:\/\/jusprev.org.br\/backup\/wp-content\/uploads\/2019\/12\/a12c4976-24b9-496f-8635-d9fc256c2188.jpg 1280w, https:\/\/jusprev.org.br\/backup\/wp-content\/uploads\/2019\/12\/a12c4976-24b9-496f-8635-d9fc256c2188-300x200.jpg 300w, https:\/\/jusprev.org.br\/backup\/wp-content\/uploads\/2019\/12\/a12c4976-24b9-496f-8635-d9fc256c2188-768x512.jpg 768w, https:\/\/jusprev.org.br\/backup\/wp-content\/uploads\/2019\/12\/a12c4976-24b9-496f-8635-d9fc256c2188-1024x682.jpg 1024w\" sizes=\"auto, (max-width: 423px) 100vw, 423px\" \/><\/p>\n","protected":false},"excerpt":{"rendered":"<p>Reuni\u00e3o aconteceu durante o X F\u00f3rum Nacional de Procuradores do Minist\u00e9rio P\u00fablico de Contas A Jusprev participou, entre os dias 04 e 06 de dezembro, em Manaus (AM), do X&#8230;<\/p>\n","protected":false},"author":1,"featured_media":13430,"comment_status":"open","ping_status":"closed","sticky":false,"template":"","format":"standard","meta":{"footnotes":""},"categories":[52,31],"tags":[],"class_list":["post-13429","post","type-post","status-publish","format-standard","has-post-thumbnail","hentry","category-destaque","category-noticias"],"_links":{"self":[{"href":"https:\/\/jusprev.org.br\/backup\/wp-json\/wp\/v2\/posts\/13429","targetHints":{"allow":["GET"]}}],"collection":[{"href":"https:\/\/jusprev.org.br\/backup\/wp-json\/wp\/v2\/posts"}],"about":[{"href":"https:\/\/jusprev.org.br\/backup\/wp-json\/wp\/v2\/types\/post"}],"author":[{"embeddable":true,"href":"https:\/\/jusprev.org.br\/backup\/wp-json\/wp\/v2\/users\/1"}],"replies":[{"embeddable":true,"href":"https:\/\/jusprev.org.br\/backup\/wp-json\/wp\/v2\/comments?post=13429"}],"version-history":[{"count":3,"href":"https:\/\/jusprev.org.br\/backup\/wp-json\/wp\/v2\/posts\/13429\/revisions"}],"predecessor-version":[{"id":13435,"href":"https:\/\/jusprev.org.br\/backup\/wp-json\/wp\/v2\/posts\/13429\/revisions\/13435"}],"wp:featuredmedia":[{"embeddable":true,"href":"https:\/\/jusprev.org.br\/backup\/wp-json\/wp\/v2\/media\/13430"}],"wp:attachment":[{"href":"https:\/\/jusprev.org.br\/backup\/wp-json\/wp\/v2\/media?parent=13429"}],"wp:term":[{"taxonomy":"category","embeddable":true,"href":"https:\/\/jusprev.org.br\/backup\/wp-json\/wp\/v2\/categories?post=13429"},{"taxonomy":"post_tag","embeddable":true,"href":"https:\/\/jusprev.org.br\/backup\/wp-json\/wp\/v2\/tags?post=13429"}],"curies":[{"name":"wp","href":"https:\/\/api.w.org\/{rel}","templated":true}]}}