{"id":13443,"date":"2019-12-16T09:21:21","date_gmt":"2019-12-16T12:21:21","guid":{"rendered":"https:\/\/jusprev.org.br\/backup\/?p=13443"},"modified":"2019-12-17T16:02:42","modified_gmt":"2019-12-17T19:02:42","slug":"prazo-para-aportes-encerra-no-proximo-dia-26-12","status":"publish","type":"post","link":"https:\/\/jusprev.org.br\/backup\/prazo-para-aportes-encerra-no-proximo-dia-26-12\/","title":{"rendered":"Prazo para aportes encerra no pr\u00f3ximo dia 26\/12"},"content":{"rendered":"<p><em>Contribui\u00e7\u00f5es extras na sua previd\u00eancia podem ser feitos at\u00e9 26 de dezembro de 2019 para obten\u00e7\u00e3o do benef\u00edcio fiscal de dedu\u00e7\u00e3o de Imposto de Renda <\/em><\/p>\n<p>Participante, o prazo para realizar aportes na sua conta individual do Planjus est\u00e1 chegando ao fim. As contribui\u00e7\u00f5es espor\u00e1dicas podem ser feitas at\u00e9 o dia 26 de dezembro de 2019, para que seja poss\u00edvel o benef\u00edcio fiscal de dedu\u00e7\u00e3o de at\u00e9 12% da renda bruta anual na base de c\u00e1lculo da declara\u00e7\u00e3o do Imposto de Renda 2020.<\/p>\n<p>Para fazer aportes, \u00e9 necess\u00e1rio gerar um boleto via Portal Meu futuro (<a href=\"https:\/\/jusprev.org.br\/backup\/sou-participante\/\">https:\/\/jusprev.org.br\/backup\/sou-participante\/<\/a>). Tamb\u00e9m \u00e9 poss\u00edvel entrar em contato com a Central de Relacionamento e solicitar o boleto de aporte (relacionamento@jusprev.org.br). No caso de d\u00favidas, os consultores da Jusprev est\u00e3o dispon\u00edveis para auxiliar os participantes. Basta entrar em contato conosco e solicitar o contato de um consultor mais pr\u00f3ximo!<\/p>\n<p>Al\u00e9m de auxiliar no alcance da dedu\u00e7\u00e3o m\u00e1xima de Imposto de Renda (12% da renda bruta anual), os aportes contribuem para um futuro mais seguro e tranquilo, j\u00e1 que ir\u00e3o obter rentabilidade ao longo dos anos, protegendo ainda mais o futuro financeiro, durante a aposentadoria.<\/p>\n<p><strong>Existe valor m\u00ednimo de aporte? <\/strong>O valor m\u00ednimo do aporte \u00e9 o mesmo valor m\u00ednimo da contribui\u00e7\u00e3o b\u00e1sica na Jusprev, no ano vigente, e varia de acordo com a idade do participante. Para o ano de 2019, participantes com idade entre 0 e 18 anos, o valor m\u00ednimo \u00e9 de R$88,41. De 19 a 25 anos, \u00e9 de R$176,83. J\u00e1 para participantes acima de 25 anos, o valor \u00e9 de R$353,67.<\/p>\n<p><strong>Ficou alguma d\u00favida? <\/strong>Fale com a JUSPREV por meio da Central de Relacionamento com o Participante: <a href=\"mailto:relacionamento@jusprev.org.br\">relacionamento@jusprev.org.br<\/a>\u00a0 \/ WhatsApp: (41) 99512-8377.<\/p>\n<p><img loading=\"lazy\" decoding=\"async\" class=\"aligncenter size-full wp-image-13458\" src=\"https:\/\/jusprev.org.br\/backup\/wp-content\/uploads\/2019\/12\/APORTE_AF2.jpg\" alt=\"\" width=\"622\" height=\"1406\" srcset=\"https:\/\/jusprev.org.br\/backup\/wp-content\/uploads\/2019\/12\/APORTE_AF2.jpg 622w, https:\/\/jusprev.org.br\/backup\/wp-content\/uploads\/2019\/12\/APORTE_AF2-133x300.jpg 133w, https:\/\/jusprev.org.br\/backup\/wp-content\/uploads\/2019\/12\/APORTE_AF2-453x1024.jpg 453w\" sizes=\"auto, (max-width: 622px) 100vw, 622px\" \/><\/p>\n","protected":false},"excerpt":{"rendered":"<p>Contribui\u00e7\u00f5es extras na sua previd\u00eancia podem ser feitos at\u00e9 26 de dezembro de 2019 para obten\u00e7\u00e3o do benef\u00edcio fiscal de dedu\u00e7\u00e3o de Imposto de Renda Participante, o prazo para realizar&#8230;<\/p>\n","protected":false},"author":1,"featured_media":13460,"comment_status":"open","ping_status":"closed","sticky":false,"template":"","format":"standard","meta":{"footnotes":""},"categories":[52,31],"tags":[],"class_list":["post-13443","post","type-post","status-publish","format-standard","has-post-thumbnail","hentry","category-destaque","category-noticias"],"_links":{"self":[{"href":"https:\/\/jusprev.org.br\/backup\/wp-json\/wp\/v2\/posts\/13443","targetHints":{"allow":["GET"]}}],"collection":[{"href":"https:\/\/jusprev.org.br\/backup\/wp-json\/wp\/v2\/posts"}],"about":[{"href":"https:\/\/jusprev.org.br\/backup\/wp-json\/wp\/v2\/types\/post"}],"author":[{"embeddable":true,"href":"https:\/\/jusprev.org.br\/backup\/wp-json\/wp\/v2\/users\/1"}],"replies":[{"embeddable":true,"href":"https:\/\/jusprev.org.br\/backup\/wp-json\/wp\/v2\/comments?post=13443"}],"version-history":[{"count":6,"href":"https:\/\/jusprev.org.br\/backup\/wp-json\/wp\/v2\/posts\/13443\/revisions"}],"predecessor-version":[{"id":13463,"href":"https:\/\/jusprev.org.br\/backup\/wp-json\/wp\/v2\/posts\/13443\/revisions\/13463"}],"wp:featuredmedia":[{"embeddable":true,"href":"https:\/\/jusprev.org.br\/backup\/wp-json\/wp\/v2\/media\/13460"}],"wp:attachment":[{"href":"https:\/\/jusprev.org.br\/backup\/wp-json\/wp\/v2\/media?parent=13443"}],"wp:term":[{"taxonomy":"category","embeddable":true,"href":"https:\/\/jusprev.org.br\/backup\/wp-json\/wp\/v2\/categories?post=13443"},{"taxonomy":"post_tag","embeddable":true,"href":"https:\/\/jusprev.org.br\/backup\/wp-json\/wp\/v2\/tags?post=13443"}],"curies":[{"name":"wp","href":"https:\/\/api.w.org\/{rel}","templated":true}]}}