{"id":13449,"date":"2019-12-17T09:42:09","date_gmt":"2019-12-17T12:42:09","guid":{"rendered":"https:\/\/jusprev.org.br\/backup\/?p=13449"},"modified":"2019-12-17T09:43:52","modified_gmt":"2019-12-17T12:43:52","slug":"reuniao-dos-orgaos-colegiados-e-realizada-em-curitiba","status":"publish","type":"post","link":"https:\/\/jusprev.org.br\/backup\/reuniao-dos-orgaos-colegiados-e-realizada-em-curitiba\/","title":{"rendered":"Reuni\u00e3o dos \u00d3rg\u00e3os Colegiados \u00e9 realizada em Curitiba"},"content":{"rendered":"<p>A Jusprev promoveu, na \u00faltima sexta-feira (13), a reuni\u00e3o semestral dos \u00d3rg\u00e3os Colegiados da Entidade. Estiveram reunidos, na sede administrativa, em Curitiba (PR), integrantes da Diretoria Executiva, Conselho Deliberativo, Conselho Fiscal e Comit\u00ea de Investimentos, al\u00e9m de presidentes de Associa\u00e7\u00f5es Instituidoras. No mesmo dia, pela manh\u00e3, esteve reunido o Conselho Fiscal para an\u00e1lise e aprova\u00e7\u00e3o das atividades financeiras e cont\u00e1veis da Jusprev.<\/p>\n<p>Durante a reuni\u00e3o, foram apresentadas as an\u00e1lises e aprova\u00e7\u00e3o das pol\u00edticas de investimentos para o exerc\u00edcio de 2020, al\u00e9m de um resumo de acompanhamento das pol\u00edticas de investimentos referente ao 3\u00ba trimestre de 2019.<\/p>\n<p>Os testes de ader\u00eancia das hip\u00f3teses atuariais que ser\u00e3o adotadas em 2020 tamb\u00e9m foram apresentados. A pauta contemplou outros assuntos, como rentabilidade, presta\u00e7\u00e3o de contas de agosto a novembro de 2019, relat\u00f3rio de atividades do segundo semestre e calend\u00e1rio de reuni\u00f5es do pr\u00f3ximo ano.<\/p>\n<p><strong>Homenagem &#8211; <\/strong>Na reuni\u00e3o dos \u00d3rg\u00e3os Colegiados, a Jusprev realizou uma homenagem ao Presidente do Conselho Deliberativo da Entidade, Dr Luiz Antonio Ferreira de Ara\u00fajo, por todo o trabalho e dedica\u00e7\u00e3o, desde a funda\u00e7\u00e3o da Jusprev, em 2007.\u00a0 \u201cMe sinto muito orgulhoso de ter feito parte desta hist\u00f3ria e continuar fazendo parte. E que possamos seguir juntos, sempre elevando a Jusprev a mais eficiente entidade de previd\u00eancia complementar do Brasil\u201d, disse Dr. Luiz Antonio.<\/p>\n<p>Os 12 anos da Jusprev, completados no \u00faltimo dia 06 de dezembro, foi comemorado por toda a equipe da Entidade. Atualmente, a Jusprev possui 85 Associa\u00e7\u00f5es instituidoras, mais de 3.000 participantes em todo o pa\u00eds e mais de 280 milh\u00f5es em ativos previdenci\u00e1rios administrados.<\/p>\n<p>Durante o evento, integrantes dos \u00d3rg\u00e3os Colegiados assinaram o termo de posse: Conselheiro Titular do Conselho Fiscal, Dr. Thiago Brand\u00e3o de Almeida, Conselheiro Suplente do Conselho Fiscal, Dr. Alexandre Miguel e Conselheiro Suplente do Conselho Deliberativo, Dr. Fabr\u00edcio Dias Braga de Sousa.<\/p>\n<p><img loading=\"lazy\" decoding=\"async\" class=\"aligncenter wp-image-13451\" src=\"https:\/\/jusprev.org.br\/backup\/wp-content\/uploads\/2019\/12\/reuniao_geral.jpeg\" alt=\"\" width=\"598\" height=\"448\" srcset=\"https:\/\/jusprev.org.br\/backup\/wp-content\/uploads\/2019\/12\/reuniao_geral.jpeg 1280w, https:\/\/jusprev.org.br\/backup\/wp-content\/uploads\/2019\/12\/reuniao_geral-300x225.jpeg 300w, https:\/\/jusprev.org.br\/backup\/wp-content\/uploads\/2019\/12\/reuniao_geral-768x576.jpeg 768w, https:\/\/jusprev.org.br\/backup\/wp-content\/uploads\/2019\/12\/reuniao_geral-1024x768.jpeg 1024w, https:\/\/jusprev.org.br\/backup\/wp-content\/uploads\/2019\/12\/reuniao_geral-800x600.jpeg 800w\" sizes=\"auto, (max-width: 598px) 100vw, 598px\" \/><\/p>\n<p><img loading=\"lazy\" decoding=\"async\" class=\"aligncenter wp-image-13452\" src=\"https:\/\/jusprev.org.br\/backup\/wp-content\/uploads\/2019\/12\/reuniao3.jpeg\" alt=\"\" width=\"592\" height=\"444\" srcset=\"https:\/\/jusprev.org.br\/backup\/wp-content\/uploads\/2019\/12\/reuniao3.jpeg 1280w, https:\/\/jusprev.org.br\/backup\/wp-content\/uploads\/2019\/12\/reuniao3-300x225.jpeg 300w, https:\/\/jusprev.org.br\/backup\/wp-content\/uploads\/2019\/12\/reuniao3-768x576.jpeg 768w, https:\/\/jusprev.org.br\/backup\/wp-content\/uploads\/2019\/12\/reuniao3-1024x768.jpeg 1024w, https:\/\/jusprev.org.br\/backup\/wp-content\/uploads\/2019\/12\/reuniao3-800x600.jpeg 800w\" sizes=\"auto, (max-width: 592px) 100vw, 592px\" \/><\/p>\n<p><img loading=\"lazy\" decoding=\"async\" class=\"aligncenter wp-image-13453\" src=\"https:\/\/jusprev.org.br\/backup\/wp-content\/uploads\/2019\/12\/reuniao6.jpeg\" alt=\"\" width=\"583\" height=\"437\" srcset=\"https:\/\/jusprev.org.br\/backup\/wp-content\/uploads\/2019\/12\/reuniao6.jpeg 1280w, https:\/\/jusprev.org.br\/backup\/wp-content\/uploads\/2019\/12\/reuniao6-300x225.jpeg 300w, https:\/\/jusprev.org.br\/backup\/wp-content\/uploads\/2019\/12\/reuniao6-768x576.jpeg 768w, https:\/\/jusprev.org.br\/backup\/wp-content\/uploads\/2019\/12\/reuniao6-1024x768.jpeg 1024w, https:\/\/jusprev.org.br\/backup\/wp-content\/uploads\/2019\/12\/reuniao6-800x600.jpeg 800w\" sizes=\"auto, (max-width: 583px) 100vw, 583px\" \/><\/p>\n<p><img loading=\"lazy\" decoding=\"async\" class=\"aligncenter wp-image-13454\" src=\"https:\/\/jusprev.org.br\/backup\/wp-content\/uploads\/2019\/12\/reuniao4.jpeg\" alt=\"\" width=\"581\" height=\"436\" srcset=\"https:\/\/jusprev.org.br\/backup\/wp-content\/uploads\/2019\/12\/reuniao4.jpeg 1280w, https:\/\/jusprev.org.br\/backup\/wp-content\/uploads\/2019\/12\/reuniao4-300x225.jpeg 300w, https:\/\/jusprev.org.br\/backup\/wp-content\/uploads\/2019\/12\/reuniao4-768x576.jpeg 768w, https:\/\/jusprev.org.br\/backup\/wp-content\/uploads\/2019\/12\/reuniao4-1024x768.jpeg 1024w, https:\/\/jusprev.org.br\/backup\/wp-content\/uploads\/2019\/12\/reuniao4-800x600.jpeg 800w\" sizes=\"auto, (max-width: 581px) 100vw, 581px\" \/><\/p>\n<p>&nbsp;<\/p>\n","protected":false},"excerpt":{"rendered":"<p>A Jusprev promoveu, na \u00faltima sexta-feira (13), a reuni\u00e3o semestral dos \u00d3rg\u00e3os Colegiados da Entidade. Estiveram reunidos, na sede administrativa, em Curitiba (PR), integrantes da Diretoria Executiva, Conselho Deliberativo, Conselho&#8230;<\/p>\n","protected":false},"author":1,"featured_media":13451,"comment_status":"open","ping_status":"closed","sticky":false,"template":"","format":"standard","meta":{"footnotes":""},"categories":[52,31],"tags":[],"class_list":["post-13449","post","type-post","status-publish","format-standard","has-post-thumbnail","hentry","category-destaque","category-noticias"],"_links":{"self":[{"href":"https:\/\/jusprev.org.br\/backup\/wp-json\/wp\/v2\/posts\/13449","targetHints":{"allow":["GET"]}}],"collection":[{"href":"https:\/\/jusprev.org.br\/backup\/wp-json\/wp\/v2\/posts"}],"about":[{"href":"https:\/\/jusprev.org.br\/backup\/wp-json\/wp\/v2\/types\/post"}],"author":[{"embeddable":true,"href":"https:\/\/jusprev.org.br\/backup\/wp-json\/wp\/v2\/users\/1"}],"replies":[{"embeddable":true,"href":"https:\/\/jusprev.org.br\/backup\/wp-json\/wp\/v2\/comments?post=13449"}],"version-history":[{"count":3,"href":"https:\/\/jusprev.org.br\/backup\/wp-json\/wp\/v2\/posts\/13449\/revisions"}],"predecessor-version":[{"id":13457,"href":"https:\/\/jusprev.org.br\/backup\/wp-json\/wp\/v2\/posts\/13449\/revisions\/13457"}],"wp:featuredmedia":[{"embeddable":true,"href":"https:\/\/jusprev.org.br\/backup\/wp-json\/wp\/v2\/media\/13451"}],"wp:attachment":[{"href":"https:\/\/jusprev.org.br\/backup\/wp-json\/wp\/v2\/media?parent=13449"}],"wp:term":[{"taxonomy":"category","embeddable":true,"href":"https:\/\/jusprev.org.br\/backup\/wp-json\/wp\/v2\/categories?post=13449"},{"taxonomy":"post_tag","embeddable":true,"href":"https:\/\/jusprev.org.br\/backup\/wp-json\/wp\/v2\/tags?post=13449"}],"curies":[{"name":"wp","href":"https:\/\/api.w.org\/{rel}","templated":true}]}}