{"id":13469,"date":"2019-12-18T14:38:52","date_gmt":"2019-12-18T17:38:52","guid":{"rendered":"https:\/\/jusprev.org.br\/backup\/?p=13469"},"modified":"2019-12-18T14:45:47","modified_gmt":"2019-12-18T17:45:47","slug":"neste-natal-presenteie-com-planjus-e-cuide-do-futuro-de-quem-voce-mais-ama","status":"publish","type":"post","link":"https:\/\/jusprev.org.br\/backup\/neste-natal-presenteie-com-planjus-e-cuide-do-futuro-de-quem-voce-mais-ama\/","title":{"rendered":"Neste natal, presenteie com Planjus e cuide do futuro de quem voc\u00ea mais ama"},"content":{"rendered":"<p style=\"text-align: center;\"><em>A JUSPREV traz a proposta de presentear com a constru\u00e7\u00e3o de um futuro financeiro est\u00e1vel e seguro por meio da ades\u00e3o ao benef\u00edcio da Renda Mensal Programada<\/em><\/p>\n<p><img loading=\"lazy\" decoding=\"async\" class=\"aligncenter wp-image-13471\" src=\"https:\/\/jusprev.org.br\/backup\/wp-content\/uploads\/2019\/12\/Natal_jusprev.jpg\" alt=\"\" width=\"475\" height=\"475\" srcset=\"https:\/\/jusprev.org.br\/backup\/wp-content\/uploads\/2019\/12\/Natal_jusprev.jpg 960w, https:\/\/jusprev.org.br\/backup\/wp-content\/uploads\/2019\/12\/Natal_jusprev-150x150.jpg 150w, https:\/\/jusprev.org.br\/backup\/wp-content\/uploads\/2019\/12\/Natal_jusprev-300x300.jpg 300w, https:\/\/jusprev.org.br\/backup\/wp-content\/uploads\/2019\/12\/Natal_jusprev-768x768.jpg 768w\" sizes=\"auto, (max-width: 475px) 100vw, 475px\" \/><\/p>\n<p>Estamos na \u00e9poca do ano em que \u00e9 inevit\u00e1vel n\u00e3o pensar em quem mais amamos, reservar um momento para estarem todos juntos. O Natal \u00e9 tempo de amor, gratid\u00e3o e, principalmente, esperan\u00e7a no amanh\u00e3. Garantir um futuro financeiro est\u00e1vel e tranquilo para filhos, netos, sobrinhos e dependentes econ\u00f4micos pode ser o melhor presente que voc\u00ea pode proporcionar. N\u00e3o apenas para esse, mas para os in\u00fameros natais que ainda est\u00e3o por vir.<\/p>\n<p>Por meio da <a href=\"https:\/\/jusprev.org.br\/backup\/beneficios\/#https:\/\/jusprev.org.br\/backup\/beneficios\/\">Renda Mensal Programada<\/a>, oferecida pelo <a href=\"https:\/\/jusprev.org.br\/backup\/nosso-plano\/\">PLANJUS<\/a>, voc\u00ea assegura uma renda complementar ao longo dos anos para voc\u00ea e para sua fam\u00edlia, podendo estender o plano de previd\u00eancia para c\u00f4njuges e dependentes econ\u00f4micos. Na hora da aposentadoria, o benef\u00edcio poder\u00e1 ser pago de tr\u00eas maneiras, de acordo com a escolha de cada participante no momento do recebimento: atrav\u00e9s de um prazo determinado, n\u00e3o inferior a dez anos; um prazo indeterminado, de acordo com o saldo de conta e a expectativa de vida ou em percentual do saldo de conta, com recebimento mensal de at\u00e9 3% do valor remanescente. Em caso de falecimento do participante, o benefici\u00e1rio indicado pelo titular continua recebendo o benef\u00edcio, n\u00e3o havendo nenhuma perda de investimento.<\/p>\n<p>O Planjus \u00e9 a nossa recomenda\u00e7\u00e3o para o momento e quanto antes voc\u00ea come\u00e7ar a investir, melhor. N\u00e3o perca a oportunidade de presentear quem voc\u00ea ama!<\/p>\n<p><strong>Quer saber mais sobre a Renda Mensal Programada?<\/strong><\/p>\n<p><a href=\"https:\/\/jusprev.org.br\/backup\/quero-aderir\/\">Solicite uma consultoria<\/a> ou entre em contato conosco pelo e-mail ou telefone.<\/p>\n<p>consultoria@jusprev.org.br<\/p>\n<p>(41) 3252-3400<\/p>\n<p>&nbsp;<\/p>\n","protected":false},"excerpt":{"rendered":"<p>A JUSPREV traz a proposta de presentear com a constru\u00e7\u00e3o de um futuro financeiro est\u00e1vel e seguro por meio da ades\u00e3o ao benef\u00edcio da Renda Mensal Programada Estamos na \u00e9poca&#8230;<\/p>\n","protected":false},"author":1,"featured_media":13471,"comment_status":"open","ping_status":"closed","sticky":false,"template":"","format":"standard","meta":{"footnotes":""},"categories":[52,31],"tags":[],"class_list":["post-13469","post","type-post","status-publish","format-standard","has-post-thumbnail","hentry","category-destaque","category-noticias"],"_links":{"self":[{"href":"https:\/\/jusprev.org.br\/backup\/wp-json\/wp\/v2\/posts\/13469","targetHints":{"allow":["GET"]}}],"collection":[{"href":"https:\/\/jusprev.org.br\/backup\/wp-json\/wp\/v2\/posts"}],"about":[{"href":"https:\/\/jusprev.org.br\/backup\/wp-json\/wp\/v2\/types\/post"}],"author":[{"embeddable":true,"href":"https:\/\/jusprev.org.br\/backup\/wp-json\/wp\/v2\/users\/1"}],"replies":[{"embeddable":true,"href":"https:\/\/jusprev.org.br\/backup\/wp-json\/wp\/v2\/comments?post=13469"}],"version-history":[{"count":7,"href":"https:\/\/jusprev.org.br\/backup\/wp-json\/wp\/v2\/posts\/13469\/revisions"}],"predecessor-version":[{"id":13477,"href":"https:\/\/jusprev.org.br\/backup\/wp-json\/wp\/v2\/posts\/13469\/revisions\/13477"}],"wp:featuredmedia":[{"embeddable":true,"href":"https:\/\/jusprev.org.br\/backup\/wp-json\/wp\/v2\/media\/13471"}],"wp:attachment":[{"href":"https:\/\/jusprev.org.br\/backup\/wp-json\/wp\/v2\/media?parent=13469"}],"wp:term":[{"taxonomy":"category","embeddable":true,"href":"https:\/\/jusprev.org.br\/backup\/wp-json\/wp\/v2\/categories?post=13469"},{"taxonomy":"post_tag","embeddable":true,"href":"https:\/\/jusprev.org.br\/backup\/wp-json\/wp\/v2\/tags?post=13469"}],"curies":[{"name":"wp","href":"https:\/\/api.w.org\/{rel}","templated":true}]}}