{"id":13485,"date":"2019-12-19T17:55:39","date_gmt":"2019-12-19T20:55:39","guid":{"rendered":"https:\/\/jusprev.org.br\/backup\/?p=13485"},"modified":"2019-12-20T16:34:28","modified_gmt":"2019-12-20T19:34:28","slug":"para-quem-o-plano-de-previdencia-complementar-da-jusprev-e-indicado","status":"publish","type":"post","link":"https:\/\/jusprev.org.br\/backup\/para-quem-o-plano-de-previdencia-complementar-da-jusprev-e-indicado\/","title":{"rendered":"Para quem o plano de previd\u00eancia complementar da Jusprev \u00e9 indicado?"},"content":{"rendered":"<p>A previd\u00eancia complementar \u00e9 uma solu\u00e7\u00e3o para os que buscam seguran\u00e7a e tranquilidade financeira para o futuro. E, quanto antes come\u00e7ar a reserva financeira destinada para a aposentadoria, melhor. A JUSPREV \u00e9 uma previd\u00eancia complementar criada especialmente para membros de Carreiras Jur\u00eddicas P\u00fablicas e Auditores Fiscais da Receita Federal do Brasil e suas fam\u00edlias, associados de qualquer uma das 85 Instituidoras da Entidade.<\/p>\n<p><strong>O que \u00e9 a Jusprev<\/strong><\/p>\n<p>A JUSPREV \u00e9 a Previd\u00eancia Associativa do Minist\u00e9rio P\u00fablico, da Justi\u00e7a Brasileira e dos Auditores Fiscais da Receita Federal do Brasil. A entidade traz consigo a chancela da maior uni\u00e3o formal de Associa\u00e7\u00f5es de Carreiras Jur\u00eddicas P\u00fablicas e de Auditoria Fiscal do Brasil, na defesa do interesse comum de seus associados, familiares e do desenvolvimento nacional. Essa tem por objetivo a administra\u00e7\u00e3o e a execu\u00e7\u00e3o de planos de benef\u00edcios de natureza previdenci\u00e1ria e sem fins lucrativos.<br \/>\n<strong>\u00a0<\/strong><br \/>\n<strong>O que \u00e9 o Planjus<\/strong><\/p>\n<p>O PLANJUS \u00e9 o nome do\u00a0<a href=\"https:\/\/jusprev.org.br\/backup\/nosso-plano\/\">plano de benef\u00edcios previdenci\u00e1rios da JUSPREV<\/a>. S\u00e3o oferecidos neste plano quatro modalidades de rendas para cuidar do futuro dos participantes e de suas fam\u00edlias:<\/p>\n<p>\u2013 Renda Mensal Programada (aposentadoria)<br \/>\n\u2013 Renda Mensal Educacional<br \/>\n\u2013 Renda Mensal por Morte<br \/>\n\u2013 Renda Mensal por Invalidez<br \/>\n<strong>\u00a0<\/strong><br \/>\n<strong>Quem pode participar da Jusprev<\/strong><\/p>\n<p>Podem aderir \u00e0 JUSPREV os membros de Carreiras Jur\u00eddicas P\u00fablicas ou Auditores Fiscais da Receita Federal do Brasil que sejam associados a uma das\u00a0<a href=\"https:\/\/jusprev.org.br\/backup\/associacoes-instituidoras\/\">Instituidoras<\/a>, al\u00e9m de seus c\u00f4njuges e dependentes econ\u00f4micos.<\/p>\n<p><a href=\"https:\/\/jusprev.org.br\/backup\/quem-pode-participar\/\">Confira o regulamento completo aqui.<\/a><\/p>\n<p><strong>Como fa\u00e7o para aderir ao plano de previd\u00eancia da Jusprev<\/strong><br \/>\n<strong>\u00a0<\/strong><br \/>\nPara fazer parte da JUSPREV e come\u00e7ar a cuidar hoje mesmo do seu futuro e do futuro de sua fam\u00edlia, voc\u00ea pode entrar contato conosco via e-mail ou telefone e agendar uma consultoria personalizada.<\/p>\n<p><a href=\"mailto:consultoria@jusprev.org.br\" target=\"_blank\" rel=\"nofollow noopener noreferrer\">consultoria@jusprev.org.br<\/a><br \/>\n(41) 3252-3400<\/p>\n","protected":false},"excerpt":{"rendered":"<p>A previd\u00eancia complementar \u00e9 uma solu\u00e7\u00e3o para os que buscam seguran\u00e7a e tranquilidade financeira para o futuro. E, quanto antes come\u00e7ar a reserva financeira destinada para a aposentadoria, melhor. A&#8230;<\/p>\n","protected":false},"author":1,"featured_media":13510,"comment_status":"open","ping_status":"closed","sticky":false,"template":"","format":"standard","meta":{"footnotes":""},"categories":[52,31],"tags":[],"class_list":["post-13485","post","type-post","status-publish","format-standard","has-post-thumbnail","hentry","category-destaque","category-noticias"],"_links":{"self":[{"href":"https:\/\/jusprev.org.br\/backup\/wp-json\/wp\/v2\/posts\/13485","targetHints":{"allow":["GET"]}}],"collection":[{"href":"https:\/\/jusprev.org.br\/backup\/wp-json\/wp\/v2\/posts"}],"about":[{"href":"https:\/\/jusprev.org.br\/backup\/wp-json\/wp\/v2\/types\/post"}],"author":[{"embeddable":true,"href":"https:\/\/jusprev.org.br\/backup\/wp-json\/wp\/v2\/users\/1"}],"replies":[{"embeddable":true,"href":"https:\/\/jusprev.org.br\/backup\/wp-json\/wp\/v2\/comments?post=13485"}],"version-history":[{"count":5,"href":"https:\/\/jusprev.org.br\/backup\/wp-json\/wp\/v2\/posts\/13485\/revisions"}],"predecessor-version":[{"id":13491,"href":"https:\/\/jusprev.org.br\/backup\/wp-json\/wp\/v2\/posts\/13485\/revisions\/13491"}],"wp:featuredmedia":[{"embeddable":true,"href":"https:\/\/jusprev.org.br\/backup\/wp-json\/wp\/v2\/media\/13510"}],"wp:attachment":[{"href":"https:\/\/jusprev.org.br\/backup\/wp-json\/wp\/v2\/media?parent=13485"}],"wp:term":[{"taxonomy":"category","embeddable":true,"href":"https:\/\/jusprev.org.br\/backup\/wp-json\/wp\/v2\/categories?post=13485"},{"taxonomy":"post_tag","embeddable":true,"href":"https:\/\/jusprev.org.br\/backup\/wp-json\/wp\/v2\/tags?post=13485"}],"curies":[{"name":"wp","href":"https:\/\/api.w.org\/{rel}","templated":true}]}}