{"id":13543,"date":"2020-01-08T16:38:30","date_gmt":"2020-01-08T19:38:30","guid":{"rendered":"https:\/\/jusprev.org.br\/backup\/?p=13543"},"modified":"2020-01-08T16:49:38","modified_gmt":"2020-01-08T19:49:38","slug":"por-que-e-importante-ter-um-plano-completo-na-jusprev-2","status":"publish","type":"post","link":"https:\/\/jusprev.org.br\/backup\/por-que-e-importante-ter-um-plano-completo-na-jusprev-2\/","title":{"rendered":"Por que \u00e9 importante ter um plano completo na JUSPREV?"},"content":{"rendered":"<p style=\"text-align: center;\"><em>Conhe\u00e7a todos os benef\u00edcios do Planjus e saiba como aderir<\/em><\/p>\n<p>O plano de benef\u00edcios previdenci\u00e1rios da JUSPREV, o PLANJUS, n\u00e3o possui apenas o benef\u00edcio da aposentadoria (<strong>Renda Mensal Programada<\/strong>). Ao fazer parte da JUSPREV, o participante pode optar por mais tr\u00eas benef\u00edcios: <strong>Renda Mensal por Morte, Renda Mensal por Invalidez e Renda Mensal Educacional<\/strong>. Assim, familiares e benefici\u00e1rios tamb\u00e9m estar\u00e3o protegidos em caso de alguma fatalidade. \u00c9 poss\u00edvel ainda garantir os estudos de filhos(as), netos(as), ou qualquer outro benefici\u00e1rio de livre escolha com a renda educacional.<\/p>\n<p>Ao aderir \u00e0 Renda Mensal por Morte ou Renda Mensal por Invalidez, no caso de alguma fatalidade, os valores do benef\u00edcio contratado s\u00e3o incorporados ao benef\u00edcio da aposentadoria e passam a integrar a renda que ser\u00e1 recebida pelos benefici\u00e1rios. Vamos imaginar que o saldo da aposentadoria de um participante na JUSPREV esteja em 200 mil reais. E ele fez a ades\u00e3o \u00e0 Renda Mensal por Morte e Renda Mensal por Invalidez, com um valor segurado de 800 mil reais para cada.<\/p>\n<p>No caso de algum sinistro, o valor de 800 mil reais por Morte ou por Invalidez soma-se ao valor de 200 mil reais da aposentadoria j\u00e1 acumulada. Ou seja, o benefici\u00e1rio ir\u00e1 receber o valor de 1 milh\u00e3o de reais, em formato de renda, em uma das tr\u00eas formas que optar: prazo determinado, prazo indeterminado ou percentual por saldo de\u00a0conta.<\/p>\n<p>O participante poder\u00e1 optar pelas duas coberturas de risco ao mesmo tempo (Morte e Invalidez), ou poder\u00e1 aderir a uma delas.Vale lembrar que o valor mensal pago para essas duas rendas (Morte ou por Invalidez) n\u00e3o s\u00e3o resgat\u00e1veis e nem acumulam com o saldo da aposentadoria do participante. Mas essas contribui\u00e7\u00f5es contam para a dedu\u00e7\u00e3o de at\u00e9 12% da renda anual bruta na declara\u00e7\u00e3o anual do Imposto de Renda.<\/p>\n<p>A Renda Mensal Educacional foi criada para garantir os estudos de um benefici\u00e1rio de livre escolha do participante. Quando o benefici\u00e1rio chegar na faculdade, ter\u00e1 uma renda para apoiar seus estudos, que pode ser usada para custear o ensino ou at\u00e9 mesmo para se manter ao longo do curso. E caso isso n\u00e3o aconte\u00e7a? O saldo acumulado passar\u00e1 para a conta individual do participante, sem nenhuma perda do investimento.<br \/>\n<strong><br \/>\nImposto de Renda<\/strong><\/p>\n<p>\u00c9 importante destacar que o participante poder\u00e1 deduzir at\u00e9 12% da base de c\u00e1lculo do Imposto de Renda com o Planjus e que todas as contribui\u00e7\u00f5es (Renda Mensal Programada, Renda Mensal Educacional, Renda Mensal por Morte e Renda Mensal por Invalidez) contam para essa dedu\u00e7\u00e3o.<\/p>\n<p><strong>Para aderir ao plano completo, <a href=\"https:\/\/jusprev.org.br\/backup\/solicite-um-consultor\/\">fale com um de nossos consultores na sua regi\u00e3o<\/a>. Envie um e-mail para consultoria@jusprev.org.br ou entre em contato pelo 41 &#8211; 3252 &#8211; 3400.<\/strong><\/p>\n<p>&nbsp;<\/p>\n","protected":false},"excerpt":{"rendered":"<p>Conhe\u00e7a todos os benef\u00edcios do Planjus e saiba como aderir O plano de benef\u00edcios previdenci\u00e1rios da JUSPREV, o PLANJUS, n\u00e3o possui apenas o benef\u00edcio da aposentadoria (Renda Mensal Programada). Ao&#8230;<\/p>\n","protected":false},"author":1,"featured_media":13545,"comment_status":"open","ping_status":"closed","sticky":false,"template":"","format":"standard","meta":{"footnotes":""},"categories":[52,31],"tags":[],"class_list":["post-13543","post","type-post","status-publish","format-standard","has-post-thumbnail","hentry","category-destaque","category-noticias"],"_links":{"self":[{"href":"https:\/\/jusprev.org.br\/backup\/wp-json\/wp\/v2\/posts\/13543","targetHints":{"allow":["GET"]}}],"collection":[{"href":"https:\/\/jusprev.org.br\/backup\/wp-json\/wp\/v2\/posts"}],"about":[{"href":"https:\/\/jusprev.org.br\/backup\/wp-json\/wp\/v2\/types\/post"}],"author":[{"embeddable":true,"href":"https:\/\/jusprev.org.br\/backup\/wp-json\/wp\/v2\/users\/1"}],"replies":[{"embeddable":true,"href":"https:\/\/jusprev.org.br\/backup\/wp-json\/wp\/v2\/comments?post=13543"}],"version-history":[{"count":9,"href":"https:\/\/jusprev.org.br\/backup\/wp-json\/wp\/v2\/posts\/13543\/revisions"}],"predecessor-version":[{"id":13553,"href":"https:\/\/jusprev.org.br\/backup\/wp-json\/wp\/v2\/posts\/13543\/revisions\/13553"}],"wp:featuredmedia":[{"embeddable":true,"href":"https:\/\/jusprev.org.br\/backup\/wp-json\/wp\/v2\/media\/13545"}],"wp:attachment":[{"href":"https:\/\/jusprev.org.br\/backup\/wp-json\/wp\/v2\/media?parent=13543"}],"wp:term":[{"taxonomy":"category","embeddable":true,"href":"https:\/\/jusprev.org.br\/backup\/wp-json\/wp\/v2\/categories?post=13543"},{"taxonomy":"post_tag","embeddable":true,"href":"https:\/\/jusprev.org.br\/backup\/wp-json\/wp\/v2\/tags?post=13543"}],"curies":[{"name":"wp","href":"https:\/\/api.w.org\/{rel}","templated":true}]}}