{"id":13573,"date":"2020-01-20T09:09:35","date_gmt":"2020-01-20T12:09:35","guid":{"rendered":"https:\/\/jusprev.org.br\/backup\/?p=13573"},"modified":"2020-01-22T17:02:58","modified_gmt":"2020-01-22T20:02:58","slug":"previdencia-privada-conheca-a-diferenca-entre-os-planos-pgbl-e-vgbl","status":"publish","type":"post","link":"https:\/\/jusprev.org.br\/backup\/previdencia-privada-conheca-a-diferenca-entre-os-planos-pgbl-e-vgbl\/","title":{"rendered":"Previd\u00eancia privada: Conhe\u00e7a a diferen\u00e7a entre os planos PGBL e VGBL"},"content":{"rendered":"<p>Alternativa \u00e0 previd\u00eancia social, a previd\u00eancia complementar, tamb\u00e9m conhecida como previd\u00eancia privada, oferece in\u00fameras vantagens, como, por exemplo, mais liberdade na acumula\u00e7\u00e3o de patrim\u00f4nio a longo prazo para um futuro est\u00e1vel e tranquilo.\u00a0Os planos de previd\u00eancia privada podem ter caracter\u00edsticas de PGBL (Plano Gerador de Benef\u00edcio Livre) e VGBL (Vida Gerador de Benef\u00edcio Livre), os quais v\u00e3o depender do perfil e necessidades de cada investidor.<\/p>\n<p>Apesar dos nomes similares, a principal diferen\u00e7a entre os planos PGBL e VGBL \u00e9 a quest\u00e3o da tributa\u00e7\u00e3o, conforme explicaremos melhor a seguir.<\/p>\n<p>No plano VGBL, o investidor ter\u00e1 incid\u00eancia de tributa\u00e7\u00e3o no<strong> rendimento<\/strong> do valor acumulado e n\u00e3o ter\u00e1 como deduzir o I.R em sua declara\u00e7\u00e3o anual. J\u00e1 o plano PGBL oferece o benef\u00edcio de dedu\u00e7\u00e3o do imposto de renda em at\u00e9 12% da renda anual bruta e s\u00f3 ter\u00e1 tributa\u00e7\u00e3o quando o investidor for <strong>receber o benef\u00edcio<\/strong>.<\/p>\n<p>Na Jusprev, o plano de previd\u00eancia complementar \u00e9 denominado Planjus. E ele tem caracter\u00edsticas de um PGBL, ou seja, \u00e9 poss\u00edvel obter dedu\u00e7\u00e3o do Imposto de Renda em at\u00e9 12% da renda bruta anual e no per\u00edodo de acumula\u00e7\u00e3o, o valor n\u00e3o \u00e9 tributado, oferecendo este benef\u00edcio fiscal para os participantes do plano. A tributa\u00e7\u00e3o \u00e9 feita somente quando o participante receber a sua aposentadoria, e depender\u00e1 da escolha que fez: regime progressivo ou regressivo.<\/p>\n<p><strong>PGBL e Portabilidade no PLANJUS<\/strong><\/p>\n<p>Para portar um plano de previd\u00eancia complementar para o Planjus, da JUSPREV, \u00e9 preciso que este tenha caracter\u00edsticas de um PGBL, plano similar ao da Entidade, que permite a dedu\u00e7\u00e3o de Imposto de Renda na declara\u00e7\u00e3o anual.<\/p>\n<p><strong>Quer saber mais sobre essa modadalidade de previd\u00eancia e portabilidade?<\/strong><\/p>\n<p><a href=\"https:\/\/jusprev.org.br\/backup\/portabilidade\/\">Solicite um contato<\/a> ou entre em contato conosco pelo e-mail ou telefone.<\/p>\n<p>consultoria@jusprev.org.br<\/p>\n<p>(41) 3252-3400<\/p>\n","protected":false},"excerpt":{"rendered":"<p>Alternativa \u00e0 previd\u00eancia social, a previd\u00eancia complementar, tamb\u00e9m conhecida como previd\u00eancia privada, oferece in\u00fameras vantagens, como, por exemplo, mais liberdade na acumula\u00e7\u00e3o de patrim\u00f4nio a longo prazo para um futuro&#8230;<\/p>\n","protected":false},"author":1,"featured_media":13576,"comment_status":"open","ping_status":"closed","sticky":false,"template":"","format":"standard","meta":{"footnotes":""},"categories":[52,31],"tags":[],"class_list":["post-13573","post","type-post","status-publish","format-standard","has-post-thumbnail","hentry","category-destaque","category-noticias"],"_links":{"self":[{"href":"https:\/\/jusprev.org.br\/backup\/wp-json\/wp\/v2\/posts\/13573","targetHints":{"allow":["GET"]}}],"collection":[{"href":"https:\/\/jusprev.org.br\/backup\/wp-json\/wp\/v2\/posts"}],"about":[{"href":"https:\/\/jusprev.org.br\/backup\/wp-json\/wp\/v2\/types\/post"}],"author":[{"embeddable":true,"href":"https:\/\/jusprev.org.br\/backup\/wp-json\/wp\/v2\/users\/1"}],"replies":[{"embeddable":true,"href":"https:\/\/jusprev.org.br\/backup\/wp-json\/wp\/v2\/comments?post=13573"}],"version-history":[{"count":6,"href":"https:\/\/jusprev.org.br\/backup\/wp-json\/wp\/v2\/posts\/13573\/revisions"}],"predecessor-version":[{"id":13581,"href":"https:\/\/jusprev.org.br\/backup\/wp-json\/wp\/v2\/posts\/13573\/revisions\/13581"}],"wp:featuredmedia":[{"embeddable":true,"href":"https:\/\/jusprev.org.br\/backup\/wp-json\/wp\/v2\/media\/13576"}],"wp:attachment":[{"href":"https:\/\/jusprev.org.br\/backup\/wp-json\/wp\/v2\/media?parent=13573"}],"wp:term":[{"taxonomy":"category","embeddable":true,"href":"https:\/\/jusprev.org.br\/backup\/wp-json\/wp\/v2\/categories?post=13573"},{"taxonomy":"post_tag","embeddable":true,"href":"https:\/\/jusprev.org.br\/backup\/wp-json\/wp\/v2\/tags?post=13573"}],"curies":[{"name":"wp","href":"https:\/\/api.w.org\/{rel}","templated":true}]}}