{"id":13586,"date":"2020-01-24T16:12:58","date_gmt":"2020-01-24T19:12:58","guid":{"rendered":"https:\/\/jusprev.org.br\/backup\/?p=13586"},"modified":"2020-02-10T13:27:13","modified_gmt":"2020-02-10T16:27:13","slug":"jusprev-promove-palestra-na-sede-da-anfip-pe","status":"publish","type":"post","link":"https:\/\/jusprev.org.br\/backup\/jusprev-promove-palestra-na-sede-da-anfip-pe\/","title":{"rendered":"Jusprev promove palestra na sede da ANFIP-PE"},"content":{"rendered":"<p>A Jusprev promoveu, nesta sexta-feira (24\/01), uma palestra sobre o Planjus, o plano de benef\u00edcios previdenci\u00e1rios da Entidade. O evento aconteceu na sede da <strong>ANFIP-PE<\/strong>, em Pernambuco, Recife, durante a Posse dos novos integrantes dos Conselhos Executivo e Fiscal e comemora\u00e7\u00e3o dos 58 anos da Associa\u00e7\u00e3o. O Planjus foi apresentado pela gerente da Jusprev, Deborah Maggio.<\/p>\n<p>A ANFIP \u00e9 uma das Associa\u00e7\u00f5es Instituidoras da Jusprev. Atualmente j\u00e1 fazem parte do Col\u00e9gio de Instituidoras mais de 85 Entidades de todo o Brasil, que representam membros de carreiras jur\u00eddicas p\u00fablicas e auditores fiscais da Receita Federal. O patrim\u00f4nio previdenci\u00e1rio, administrado pela Jusprev, chegou a quase <strong>300 milh\u00f5es<\/strong>. Com mais de 3.000 participantes, a Entidade completou 12 anos de funda\u00e7\u00e3o, com grandes resultados.<\/p>\n<p>Em 2019, a Jusprev bateu recorde no recebimento de aportes, que somaram mais de 12 milh\u00f5es. Tratam-se de contribui\u00e7\u00f5es espor\u00e1dicas realizadas pelos participantes, nas contas individuais do Planjus. J\u00e1 as portabilidades de outras entidades de previd\u00eancia complementar para a Jusprev somaram mais de 8 milh\u00f5es.<\/p>\n<p>Para saber mais sobre os n\u00fameros, acesse a <strong><a href=\"https:\/\/jusprev.org.br\/backup\/transparencia\/\">\u00e1rea de transpar\u00eancia<\/a><\/strong> em nosso site.<\/p>\n","protected":false},"excerpt":{"rendered":"<p>A Jusprev promoveu, nesta sexta-feira (24\/01), uma palestra sobre o Planjus, o plano de benef\u00edcios previdenci\u00e1rios da Entidade. O evento aconteceu na sede da ANFIP-PE, em Pernambuco, Recife, durante a&#8230;<\/p>\n","protected":false},"author":1,"featured_media":13615,"comment_status":"open","ping_status":"closed","sticky":false,"template":"","format":"standard","meta":{"footnotes":""},"categories":[52,31],"tags":[],"class_list":["post-13586","post","type-post","status-publish","format-standard","has-post-thumbnail","hentry","category-destaque","category-noticias"],"_links":{"self":[{"href":"https:\/\/jusprev.org.br\/backup\/wp-json\/wp\/v2\/posts\/13586","targetHints":{"allow":["GET"]}}],"collection":[{"href":"https:\/\/jusprev.org.br\/backup\/wp-json\/wp\/v2\/posts"}],"about":[{"href":"https:\/\/jusprev.org.br\/backup\/wp-json\/wp\/v2\/types\/post"}],"author":[{"embeddable":true,"href":"https:\/\/jusprev.org.br\/backup\/wp-json\/wp\/v2\/users\/1"}],"replies":[{"embeddable":true,"href":"https:\/\/jusprev.org.br\/backup\/wp-json\/wp\/v2\/comments?post=13586"}],"version-history":[{"count":4,"href":"https:\/\/jusprev.org.br\/backup\/wp-json\/wp\/v2\/posts\/13586\/revisions"}],"predecessor-version":[{"id":13595,"href":"https:\/\/jusprev.org.br\/backup\/wp-json\/wp\/v2\/posts\/13586\/revisions\/13595"}],"wp:featuredmedia":[{"embeddable":true,"href":"https:\/\/jusprev.org.br\/backup\/wp-json\/wp\/v2\/media\/13615"}],"wp:attachment":[{"href":"https:\/\/jusprev.org.br\/backup\/wp-json\/wp\/v2\/media?parent=13586"}],"wp:term":[{"taxonomy":"category","embeddable":true,"href":"https:\/\/jusprev.org.br\/backup\/wp-json\/wp\/v2\/categories?post=13586"},{"taxonomy":"post_tag","embeddable":true,"href":"https:\/\/jusprev.org.br\/backup\/wp-json\/wp\/v2\/tags?post=13586"}],"curies":[{"name":"wp","href":"https:\/\/api.w.org\/{rel}","templated":true}]}}