{"id":13598,"date":"2020-01-31T16:21:11","date_gmt":"2020-01-31T19:21:11","guid":{"rendered":"https:\/\/jusprev.org.br\/backup\/?p=13598"},"modified":"2020-02-21T10:59:22","modified_gmt":"2020-02-21T13:59:22","slug":"jusprev-participa-de-posse-da-nova-diretoria-da-amapar","status":"publish","type":"post","link":"https:\/\/jusprev.org.br\/backup\/jusprev-participa-de-posse-da-nova-diretoria-da-amapar\/","title":{"rendered":"Jusprev participa de posse da nova diretoria da AMAPAR"},"content":{"rendered":"<p><img loading=\"lazy\" decoding=\"async\" class=\"aligncenter size-full wp-image-13612\" src=\"https:\/\/jusprev.org.br\/backup\/wp-content\/uploads\/2020\/01\/IMG2.png\" alt=\"\" width=\"1280\" height=\"879\" srcset=\"https:\/\/jusprev.org.br\/backup\/wp-content\/uploads\/2020\/01\/IMG2.png 1280w, https:\/\/jusprev.org.br\/backup\/wp-content\/uploads\/2020\/01\/IMG2-300x206.png 300w, https:\/\/jusprev.org.br\/backup\/wp-content\/uploads\/2020\/01\/IMG2-768x527.png 768w, https:\/\/jusprev.org.br\/backup\/wp-content\/uploads\/2020\/01\/IMG2-1024x703.png 1024w\" sizes=\"auto, (max-width: 1280px) 100vw, 1280px\" \/><\/p>\n<p>A Jusprev, representada pelo Diretor Jur\u00eddico e de Benef\u00edcios, Dr. M\u00e1rcio Humberto Gheller, participou, nesta sexta-feira (31), da cerim\u00f4nia de posse da nova diretoria da Associa\u00e7\u00e3o dos Magistrados do Paran\u00e1 (AMAPAR). O evento aconteceu no audit\u00f3rio da sede administrativa da Entidade.<\/p>\n<p>A AMAPAR ser\u00e1 conduzida, pelos pr\u00f3ximos dois anos, pelo magistrado Geraldo Dutra de Andrade Neto, que tamb\u00e9m \u00e9 vice-presidente do Col\u00e9gio de Instituidoras da Jusprev. Dr. Geraldo \u00e9 juiz titular da 1a vara c\u00edvel de Foz do Igua\u00e7u, e foi reeleito para o cargo no dia 5 de dezembro de 2019.<\/p>\n<p>A Associa\u00e7\u00e3o faz parte do Col\u00e9gio de Instituidoras da Jusprev para oferecer uma previd\u00eancia segura e transparente para seus associados. Atualmente a Jusprev administra um patrim\u00f4nio previdenci\u00e1rio de quase 300 milh\u00f5es, com mais de 80 Associa\u00e7\u00f5es Instituidoras e mais de 3.000 participantes em todo o pa\u00eds.<\/p>\n<p>Para ver mais n\u00fameros da Jusprev, acesse aqui. <a href=\"https:\/\/jusprev.org.br\/backup\/transparencia\/\" target=\"_blank\" rel=\"nofollow noopener noreferrer\">https:\/\/jusprev.org.br\/backup\/transparencia\/<\/a><\/p>\n","protected":false},"excerpt":{"rendered":"<p>A Jusprev, representada pelo Diretor Jur\u00eddico e de Benef\u00edcios, Dr. M\u00e1rcio Humberto Gheller, participou, nesta sexta-feira (31), da cerim\u00f4nia de posse da nova diretoria da Associa\u00e7\u00e3o dos Magistrados do Paran\u00e1&#8230;<\/p>\n","protected":false},"author":1,"featured_media":13628,"comment_status":"open","ping_status":"closed","sticky":false,"template":"","format":"standard","meta":{"footnotes":""},"categories":[31],"tags":[],"class_list":["post-13598","post","type-post","status-publish","format-standard","has-post-thumbnail","hentry","category-noticias"],"_links":{"self":[{"href":"https:\/\/jusprev.org.br\/backup\/wp-json\/wp\/v2\/posts\/13598","targetHints":{"allow":["GET"]}}],"collection":[{"href":"https:\/\/jusprev.org.br\/backup\/wp-json\/wp\/v2\/posts"}],"about":[{"href":"https:\/\/jusprev.org.br\/backup\/wp-json\/wp\/v2\/types\/post"}],"author":[{"embeddable":true,"href":"https:\/\/jusprev.org.br\/backup\/wp-json\/wp\/v2\/users\/1"}],"replies":[{"embeddable":true,"href":"https:\/\/jusprev.org.br\/backup\/wp-json\/wp\/v2\/comments?post=13598"}],"version-history":[{"count":5,"href":"https:\/\/jusprev.org.br\/backup\/wp-json\/wp\/v2\/posts\/13598\/revisions"}],"predecessor-version":[{"id":13613,"href":"https:\/\/jusprev.org.br\/backup\/wp-json\/wp\/v2\/posts\/13598\/revisions\/13613"}],"wp:featuredmedia":[{"embeddable":true,"href":"https:\/\/jusprev.org.br\/backup\/wp-json\/wp\/v2\/media\/13628"}],"wp:attachment":[{"href":"https:\/\/jusprev.org.br\/backup\/wp-json\/wp\/v2\/media?parent=13598"}],"wp:term":[{"taxonomy":"category","embeddable":true,"href":"https:\/\/jusprev.org.br\/backup\/wp-json\/wp\/v2\/categories?post=13598"},{"taxonomy":"post_tag","embeddable":true,"href":"https:\/\/jusprev.org.br\/backup\/wp-json\/wp\/v2\/tags?post=13598"}],"curies":[{"name":"wp","href":"https:\/\/api.w.org\/{rel}","templated":true}]}}