{"id":13618,"date":"2020-02-20T13:35:58","date_gmt":"2020-02-20T16:35:58","guid":{"rendered":"https:\/\/jusprev.org.br\/backup\/?p=13618"},"modified":"2020-02-21T14:44:55","modified_gmt":"2020-02-21T17:44:55","slug":"amatra-17-e-nova-instituidora-da-jusprev","status":"publish","type":"post","link":"https:\/\/jusprev.org.br\/backup\/amatra-17-e-nova-instituidora-da-jusprev\/","title":{"rendered":"AMATRA 17 \u00e9 nova Instituidora da JUSPREV"},"content":{"rendered":"<p><strong>A Associa\u00e7\u00e3o dos Magistrados da Justi\u00e7a do Trabalho da 17\u00aa Regi\u00e3o, AMATRA 17, \u00e9 a nova Instituidora da Jusprev.<\/strong> A entidade foi aprovada pela Superintend\u00eancia Nacional de Previd\u00eancia Complementar (Previc) para compor o Col\u00e9gio de Instituidoras da Previd\u00eancia Associativa do Minist\u00e9rio P\u00fablico, da Justi\u00e7a Brasileira e dos Auditores Fiscais da Receita Federal do Brasil.<\/p>\n<p>Ao se tornar uma Instituidora, a AMATRA 17 passou a fazer parte da maior uni\u00e3o formal de Associa\u00e7\u00f5es de Carreiras P\u00fablicas do pa\u00eds, em prol da constru\u00e7\u00e3o de um futuro mais seguro e digno para seus associados.<\/p>\n<p>Desta forma, a AMATRA 17 j\u00e1 pode oferecer o plano de benef\u00edcios previdenci\u00e1rios administrado pela Jusprev, denominado PLANJUS, para todos os seus associados e familiares (c\u00f4njuges e dependentes econ\u00f4micos).<\/p>\n<p>O PLANJUS \u00e9 um plano de previd\u00eancia complementar seguro e transparente, criado pelas pr\u00f3prias Associa\u00e7\u00f5es Instituidoras da Jusprev. Ele nasceu com o objetivo de proporcionar um futuro financeiro seguro e est\u00e1vel para os participantes e suas fam\u00edlias, quando chegar o momento da aposentadoria.<\/p>\n<p>Al\u00e9m da Renda Mensal Programada, o Planjus oferece mais tr\u00eas modalidades de renda: Renda Mensal por Morte, Renda Mensal por Invalidez e Renda Mensal Educacional.<\/p>\n<p>A Jusprev \u00e9 uma entidade sem fins lucrativos, e por isso, toda a rentabilidade l\u00edquida do Planjus \u00e9 repassada integralmente para os participantes. N\u00e3o possui taxa de carregamento mensal e a \u00fanica taxa existente \u00e9 a de administra\u00e7\u00e3o anual, de 0,7%.<\/p>\n<p><strong>COMO ADERIR?<\/strong><\/p>\n<p>Para aderir ao plano de benef\u00edcios previdenci\u00e1rios da Jusprev, basta que o(a) associado(a) entre em contato com a nossa equipe para agendar uma consultoria personalizada, no e-mail consultoria@jusprev.org.br ou pelos telefones 0800 052 3434 ou (41) 3252-3400.<\/p>\n<p><strong>SOBRE A AMATRA 17<\/strong><\/p>\n<p>A Associa\u00e7\u00e3o dos Magistrados da Justi\u00e7a do Trabalho da 17\u00aa Regi\u00e3o, AMATRA 17, \u00e9 uma sociedade civil, sem fins econ\u00f4micos, representativa dos Magistrados da Justi\u00e7a do Trabalho do Estado do Esp\u00edrito Santo. Incumbe \u00e0 Entidade prestar assist\u00eancia aos associados e promover sua defesa nas quest\u00f5es individuais e coletivas.<\/p>\n<p>Fundada em 14 de abril de 1991, mesmo ano da instala\u00e7\u00e3o do Tribunal Regional do Trabalho no Estado do Esp\u00edrito Santo, a AMATRA 17 tem sede e foro na cidade de Vit\u00f3ria.<\/p>\n<p>A AMATRA 17 \u00e9 afiliada da Associa\u00e7\u00e3o Nacional dos Magistrados da Justi\u00e7a do Trabalho (ANAMATRA) e da Associa\u00e7\u00e3o dos Magistrados Brasileiros (AMB), com as quais atua em conjunto na defesa geral dos interesses e prerrogativas dos magistrados para a valoriza\u00e7\u00e3o e aperfei\u00e7oamento do Poder Judici\u00e1rio, a manuten\u00e7\u00e3o das institui\u00e7\u00f5es democr\u00e1ticas, a preserva\u00e7\u00e3o do Estado de Direito e a consecu\u00e7\u00e3o da Justi\u00e7a Social.<\/p>\n<p>&nbsp;<\/p>\n<p>&nbsp;<\/p>\n","protected":false},"excerpt":{"rendered":"<p>A Associa\u00e7\u00e3o dos Magistrados da Justi\u00e7a do Trabalho da 17\u00aa Regi\u00e3o, AMATRA 17, \u00e9 a nova Instituidora da Jusprev. A entidade foi aprovada pela Superintend\u00eancia Nacional de Previd\u00eancia Complementar (Previc)&#8230;<\/p>\n","protected":false},"author":1,"featured_media":13627,"comment_status":"open","ping_status":"closed","sticky":false,"template":"","format":"standard","meta":{"footnotes":""},"categories":[52,31],"tags":[],"class_list":["post-13618","post","type-post","status-publish","format-standard","has-post-thumbnail","hentry","category-destaque","category-noticias"],"_links":{"self":[{"href":"https:\/\/jusprev.org.br\/backup\/wp-json\/wp\/v2\/posts\/13618","targetHints":{"allow":["GET"]}}],"collection":[{"href":"https:\/\/jusprev.org.br\/backup\/wp-json\/wp\/v2\/posts"}],"about":[{"href":"https:\/\/jusprev.org.br\/backup\/wp-json\/wp\/v2\/types\/post"}],"author":[{"embeddable":true,"href":"https:\/\/jusprev.org.br\/backup\/wp-json\/wp\/v2\/users\/1"}],"replies":[{"embeddable":true,"href":"https:\/\/jusprev.org.br\/backup\/wp-json\/wp\/v2\/comments?post=13618"}],"version-history":[{"count":7,"href":"https:\/\/jusprev.org.br\/backup\/wp-json\/wp\/v2\/posts\/13618\/revisions"}],"predecessor-version":[{"id":13629,"href":"https:\/\/jusprev.org.br\/backup\/wp-json\/wp\/v2\/posts\/13618\/revisions\/13629"}],"wp:featuredmedia":[{"embeddable":true,"href":"https:\/\/jusprev.org.br\/backup\/wp-json\/wp\/v2\/media\/13627"}],"wp:attachment":[{"href":"https:\/\/jusprev.org.br\/backup\/wp-json\/wp\/v2\/media?parent=13618"}],"wp:term":[{"taxonomy":"category","embeddable":true,"href":"https:\/\/jusprev.org.br\/backup\/wp-json\/wp\/v2\/categories?post=13618"},{"taxonomy":"post_tag","embeddable":true,"href":"https:\/\/jusprev.org.br\/backup\/wp-json\/wp\/v2\/tags?post=13618"}],"curies":[{"name":"wp","href":"https:\/\/api.w.org\/{rel}","templated":true}]}}