{"id":13630,"date":"2020-01-14T14:47:09","date_gmt":"2020-01-14T17:47:09","guid":{"rendered":"https:\/\/jusprev.org.br\/backup\/?p=13630"},"modified":"2020-02-21T14:49:23","modified_gmt":"2020-02-21T17:49:23","slug":"atendimento-jusprev-dias-24-02-e-26-02","status":"publish","type":"post","link":"https:\/\/jusprev.org.br\/backup\/atendimento-jusprev-dias-24-02-e-26-02\/","title":{"rendered":"ATENDIMENTO JUSPREV \u2013 DIAS 24\/02 e 26\/02\u00a0"},"content":{"rendered":"<p><strong>ATENDIMENTO JUSPREV \u2013 DIAS 24 e 26\/02<\/strong><strong>\u00a0<\/strong><\/p>\n<p>Prezado(a) participante;<\/p>\n<p>A JUSPREV informa que nos dias 24\/02, 25\/02 e 26\/02 n\u00e3o haver\u00e1 expediente em sua sede administrativa. O atendimento aos participantes e assistidos voltar\u00e1 normalmente no dia 27\/02, das 8h30 \u00e0s 18h.<\/p>\n<p><em>Equipe JUSPREV<\/em><\/p>\n","protected":false},"excerpt":{"rendered":"<p>ATENDIMENTO JUSPREV \u2013 DIAS 24 e 26\/02\u00a0 Prezado(a) participante; A JUSPREV informa que nos dias 24\/02, 25\/02 e 26\/02 n\u00e3o haver\u00e1 expediente em sua sede administrativa. O atendimento aos participantes&#8230;<\/p>\n","protected":false},"author":1,"featured_media":0,"comment_status":"open","ping_status":"closed","sticky":false,"template":"","format":"standard","meta":{"footnotes":""},"categories":[31],"tags":[],"class_list":["post-13630","post","type-post","status-publish","format-standard","hentry","category-noticias"],"_links":{"self":[{"href":"https:\/\/jusprev.org.br\/backup\/wp-json\/wp\/v2\/posts\/13630","targetHints":{"allow":["GET"]}}],"collection":[{"href":"https:\/\/jusprev.org.br\/backup\/wp-json\/wp\/v2\/posts"}],"about":[{"href":"https:\/\/jusprev.org.br\/backup\/wp-json\/wp\/v2\/types\/post"}],"author":[{"embeddable":true,"href":"https:\/\/jusprev.org.br\/backup\/wp-json\/wp\/v2\/users\/1"}],"replies":[{"embeddable":true,"href":"https:\/\/jusprev.org.br\/backup\/wp-json\/wp\/v2\/comments?post=13630"}],"version-history":[{"count":1,"href":"https:\/\/jusprev.org.br\/backup\/wp-json\/wp\/v2\/posts\/13630\/revisions"}],"predecessor-version":[{"id":13631,"href":"https:\/\/jusprev.org.br\/backup\/wp-json\/wp\/v2\/posts\/13630\/revisions\/13631"}],"wp:attachment":[{"href":"https:\/\/jusprev.org.br\/backup\/wp-json\/wp\/v2\/media?parent=13630"}],"wp:term":[{"taxonomy":"category","embeddable":true,"href":"https:\/\/jusprev.org.br\/backup\/wp-json\/wp\/v2\/categories?post=13630"},{"taxonomy":"post_tag","embeddable":true,"href":"https:\/\/jusprev.org.br\/backup\/wp-json\/wp\/v2\/tags?post=13630"}],"curies":[{"name":"wp","href":"https:\/\/api.w.org\/{rel}","templated":true}]}}