{"id":13703,"date":"2020-03-04T11:00:24","date_gmt":"2020-03-04T14:00:24","guid":{"rendered":"https:\/\/jusprev.org.br\/backup\/?p=13703"},"modified":"2020-03-04T11:05:06","modified_gmt":"2020-03-04T14:05:06","slug":"jusprev-visita-a-instituidora-anfip","status":"publish","type":"post","link":"https:\/\/jusprev.org.br\/backup\/jusprev-visita-a-instituidora-anfip\/","title":{"rendered":"Jusprev visita a Instituidora ANFIP"},"content":{"rendered":"<p><img loading=\"lazy\" decoding=\"async\" class=\"aligncenter size-full wp-image-13705\" src=\"https:\/\/jusprev.org.br\/backup\/wp-content\/uploads\/2020\/03\/IMG_3836-capa.jpg\" alt=\"\" width=\"640\" height=\"427\" srcset=\"https:\/\/jusprev.org.br\/backup\/wp-content\/uploads\/2020\/03\/IMG_3836-capa.jpg 640w, https:\/\/jusprev.org.br\/backup\/wp-content\/uploads\/2020\/03\/IMG_3836-capa-300x200.jpg 300w\" sizes=\"auto, (max-width: 640px) 100vw, 640px\" \/><\/p>\n<p>Nesta ter\u00e7a-feira (03), a Jusprev esteve presente na sede da Associa\u00e7\u00e3o Nacional dos Auditores Fiscais da Receita Federal do Brasil (ANFIP), que faz parte do Col\u00e9gio de Instituidoras da Entidade. Na ocasi\u00e3o, a gerente da Jusprev, Deborah Maggio, foi recebida pelo presidente da ANFIP, D\u00e9cio Bruno Lopes, e pela consultora previdenci\u00e1ria Zuleide Miranda. O objetivo foi tratar de assuntos gerias de interesse das duas institui\u00e7\u00f5es.<\/p>\n<p>Como entidade instituidora, todos os associados da ANFIP, seus familiares e indicados, podem aderir ao plano oferecido pela Jusprev, o Planjus. J\u00e1 fazem parte do Col\u00e9gio de Instituidoras da Jusprev 87 Associa\u00e7\u00f5es de Carreiras P\u00fablicas (Jur\u00eddicas e ANFIP).<\/p>\n<p>A Jusprev j\u00e1 possui 12 anos de exist\u00eancia e administra um patrim\u00f4nio previdenci\u00e1rio de aproximadamente 300 milh\u00f5es. Conta com mais de 3.000 participantes em todo o pa\u00eds. E por ser uma entidade de previd\u00eancia complementar institu\u00edda, conta com o apoio de suas Instituidoras, que oferecem o plano de benef\u00edcios previdenci\u00e1rios da Entidade para seus associados e familiares.<\/p>\n<p><a href=\"https:\/\/jusprev.org.br\/backup\/nosso-plano\/\">Saiba mais sobre o Planjus.<\/a><\/p>\n","protected":false},"excerpt":{"rendered":"<p>Nesta ter\u00e7a-feira (03), a Jusprev esteve presente na sede da Associa\u00e7\u00e3o Nacional dos Auditores Fiscais da Receita Federal do Brasil (ANFIP), que faz parte do Col\u00e9gio de Instituidoras da Entidade&#8230;.<\/p>\n","protected":false},"author":1,"featured_media":13705,"comment_status":"open","ping_status":"closed","sticky":false,"template":"","format":"standard","meta":{"footnotes":""},"categories":[52,31],"tags":[],"class_list":["post-13703","post","type-post","status-publish","format-standard","has-post-thumbnail","hentry","category-destaque","category-noticias"],"_links":{"self":[{"href":"https:\/\/jusprev.org.br\/backup\/wp-json\/wp\/v2\/posts\/13703","targetHints":{"allow":["GET"]}}],"collection":[{"href":"https:\/\/jusprev.org.br\/backup\/wp-json\/wp\/v2\/posts"}],"about":[{"href":"https:\/\/jusprev.org.br\/backup\/wp-json\/wp\/v2\/types\/post"}],"author":[{"embeddable":true,"href":"https:\/\/jusprev.org.br\/backup\/wp-json\/wp\/v2\/users\/1"}],"replies":[{"embeddable":true,"href":"https:\/\/jusprev.org.br\/backup\/wp-json\/wp\/v2\/comments?post=13703"}],"version-history":[{"count":3,"href":"https:\/\/jusprev.org.br\/backup\/wp-json\/wp\/v2\/posts\/13703\/revisions"}],"predecessor-version":[{"id":13708,"href":"https:\/\/jusprev.org.br\/backup\/wp-json\/wp\/v2\/posts\/13703\/revisions\/13708"}],"wp:featuredmedia":[{"embeddable":true,"href":"https:\/\/jusprev.org.br\/backup\/wp-json\/wp\/v2\/media\/13705"}],"wp:attachment":[{"href":"https:\/\/jusprev.org.br\/backup\/wp-json\/wp\/v2\/media?parent=13703"}],"wp:term":[{"taxonomy":"category","embeddable":true,"href":"https:\/\/jusprev.org.br\/backup\/wp-json\/wp\/v2\/categories?post=13703"},{"taxonomy":"post_tag","embeddable":true,"href":"https:\/\/jusprev.org.br\/backup\/wp-json\/wp\/v2\/tags?post=13703"}],"curies":[{"name":"wp","href":"https:\/\/api.w.org\/{rel}","templated":true}]}}