{"id":13723,"date":"2020-03-09T11:06:49","date_gmt":"2020-03-09T14:06:49","guid":{"rendered":"https:\/\/jusprev.org.br\/backup\/?p=13723"},"modified":"2020-03-09T11:07:49","modified_gmt":"2020-03-09T14:07:49","slug":"jusprev-participa-do-ix-encontro-estadual-da-anfip-mg","status":"publish","type":"post","link":"https:\/\/jusprev.org.br\/backup\/jusprev-participa-do-ix-encontro-estadual-da-anfip-mg\/","title":{"rendered":"JUSPREV participa do IX Encontro Estadual da ANFIP-MG"},"content":{"rendered":"<p><img loading=\"lazy\" decoding=\"async\" class=\"aligncenter wp-image-13724\" src=\"https:\/\/jusprev.org.br\/backup\/wp-content\/uploads\/2020\/03\/e5fbaa01-c1d8-487c-bf05-58083040ca95.jpg\" alt=\"\" width=\"470\" height=\"352\" srcset=\"https:\/\/jusprev.org.br\/backup\/wp-content\/uploads\/2020\/03\/e5fbaa01-c1d8-487c-bf05-58083040ca95.jpg 1280w, https:\/\/jusprev.org.br\/backup\/wp-content\/uploads\/2020\/03\/e5fbaa01-c1d8-487c-bf05-58083040ca95-300x225.jpg 300w, https:\/\/jusprev.org.br\/backup\/wp-content\/uploads\/2020\/03\/e5fbaa01-c1d8-487c-bf05-58083040ca95-768x576.jpg 768w, https:\/\/jusprev.org.br\/backup\/wp-content\/uploads\/2020\/03\/e5fbaa01-c1d8-487c-bf05-58083040ca95-1024x768.jpg 1024w, https:\/\/jusprev.org.br\/backup\/wp-content\/uploads\/2020\/03\/e5fbaa01-c1d8-487c-bf05-58083040ca95-800x600.jpg 800w\" sizes=\"auto, (max-width: 470px) 100vw, 470px\" \/><\/p>\n<p>Entre os dias 05 e 08 de mar\u00e7o aconteceu o <strong>IX Encontro Estadual dos Auditores-Fiscais Aposentados e Pensionistas da ANFIP-MG<\/strong>. O evento reuniu associados da Entidade em Po\u00e7os de Caldas, Minas Gerais.<\/p>\n<p>A Jusprev esteve presente no evento por meio de consultora previdenci\u00e1ria, Carolina Dutra. Na ocasi\u00e3o, os associados da ANFIP conheceram mais sobre o plano de previd\u00eancia complementar oferecido pela Jusprev e como funciona a ades\u00e3o.<\/p>\n<p>A ANFIP \u00e9 uma das mais de 87 Associa\u00e7\u00f5es Instituidoras da Jusprev.<\/p>\n<p>&nbsp;<\/p>\n<p><img loading=\"lazy\" decoding=\"async\" class=\"aligncenter wp-image-13725\" src=\"https:\/\/jusprev.org.br\/backup\/wp-content\/uploads\/2020\/03\/e198494a-bb63-4621-883d-44faa381310d.jpg\" alt=\"\" width=\"433\" height=\"577\" srcset=\"https:\/\/jusprev.org.br\/backup\/wp-content\/uploads\/2020\/03\/e198494a-bb63-4621-883d-44faa381310d.jpg 960w, https:\/\/jusprev.org.br\/backup\/wp-content\/uploads\/2020\/03\/e198494a-bb63-4621-883d-44faa381310d-225x300.jpg 225w, https:\/\/jusprev.org.br\/backup\/wp-content\/uploads\/2020\/03\/e198494a-bb63-4621-883d-44faa381310d-768x1024.jpg 768w\" sizes=\"auto, (max-width: 433px) 100vw, 433px\" \/><\/p>\n","protected":false},"excerpt":{"rendered":"<p>Entre os dias 05 e 08 de mar\u00e7o aconteceu o IX Encontro Estadual dos Auditores-Fiscais Aposentados e Pensionistas da ANFIP-MG. O evento reuniu associados da Entidade em Po\u00e7os de Caldas,&#8230;<\/p>\n","protected":false},"author":1,"featured_media":13724,"comment_status":"open","ping_status":"closed","sticky":false,"template":"","format":"standard","meta":{"footnotes":""},"categories":[52,31],"tags":[],"class_list":["post-13723","post","type-post","status-publish","format-standard","has-post-thumbnail","hentry","category-destaque","category-noticias"],"_links":{"self":[{"href":"https:\/\/jusprev.org.br\/backup\/wp-json\/wp\/v2\/posts\/13723","targetHints":{"allow":["GET"]}}],"collection":[{"href":"https:\/\/jusprev.org.br\/backup\/wp-json\/wp\/v2\/posts"}],"about":[{"href":"https:\/\/jusprev.org.br\/backup\/wp-json\/wp\/v2\/types\/post"}],"author":[{"embeddable":true,"href":"https:\/\/jusprev.org.br\/backup\/wp-json\/wp\/v2\/users\/1"}],"replies":[{"embeddable":true,"href":"https:\/\/jusprev.org.br\/backup\/wp-json\/wp\/v2\/comments?post=13723"}],"version-history":[{"count":2,"href":"https:\/\/jusprev.org.br\/backup\/wp-json\/wp\/v2\/posts\/13723\/revisions"}],"predecessor-version":[{"id":13727,"href":"https:\/\/jusprev.org.br\/backup\/wp-json\/wp\/v2\/posts\/13723\/revisions\/13727"}],"wp:featuredmedia":[{"embeddable":true,"href":"https:\/\/jusprev.org.br\/backup\/wp-json\/wp\/v2\/media\/13724"}],"wp:attachment":[{"href":"https:\/\/jusprev.org.br\/backup\/wp-json\/wp\/v2\/media?parent=13723"}],"wp:term":[{"taxonomy":"category","embeddable":true,"href":"https:\/\/jusprev.org.br\/backup\/wp-json\/wp\/v2\/categories?post=13723"},{"taxonomy":"post_tag","embeddable":true,"href":"https:\/\/jusprev.org.br\/backup\/wp-json\/wp\/v2\/tags?post=13723"}],"curies":[{"name":"wp","href":"https:\/\/api.w.org\/{rel}","templated":true}]}}