{"id":13741,"date":"2020-03-13T11:00:10","date_gmt":"2020-03-13T14:00:10","guid":{"rendered":"https:\/\/jusprev.org.br\/backup\/?p=13741"},"modified":"2020-03-13T11:00:36","modified_gmt":"2020-03-13T14:00:36","slug":"jusprev-presente-na-posse-da-diretoria-da-conamp","status":"publish","type":"post","link":"https:\/\/jusprev.org.br\/backup\/jusprev-presente-na-posse-da-diretoria-da-conamp\/","title":{"rendered":"JUSPREV presente na posse da diretoria da CONAMP"},"content":{"rendered":"<p>A Jusprev, por meio do seu Diretor Jur\u00eddico e de Benef\u00edcios, M\u00e1rcio Humberto Gheller, participou no \u00faltimo dia 11 de mar\u00e7o da cerim\u00f4nia de posse da nova diretoria da Associa\u00e7\u00e3o Nacional dos Membros do Minist\u00e9rio P\u00fablico (Conamp). A entidade faz parte do Col\u00e9gio de Instituidoras da Jusprev, que \u00e9 composto atualmente por 87 Associa\u00e7\u00f5es de Carreiras Jur\u00eddicas e a ANFIP, que \u00e9 a Associa\u00e7\u00e3o Nacional dos Auditores Fiscais da Receita Federal do Brasil.<\/p>\n<p>Assumiu a presid\u00eancia da Conamp o Promotor de Justi\u00e7a \u00a0Dr. Manoel Murrieta. Para o 1\u00ba vice-presidente, foi eleito o Promotor de Justi\u00e7a, Dr. Tarc\u00edsio Jos\u00e9 Souza Bonfim e como 2\u00ba vice-presidente, o Promotor de Justi\u00e7a, Dr. Paulo Penteado Teixeira J\u00fanior.<\/p>\n<p>A cerim\u00f4nia de posse foi realizada em Bras\u00edlia e a nova gest\u00e3o assume o pleito 2020-2022.<\/p>\n<p><img loading=\"lazy\" decoding=\"async\" class=\"aligncenter wp-image-13744\" src=\"https:\/\/jusprev.org.br\/backup\/wp-content\/uploads\/2020\/03\/Site_Dr_Marcio.jpg\" alt=\"\" width=\"691\" height=\"401\" srcset=\"https:\/\/jusprev.org.br\/backup\/wp-content\/uploads\/2020\/03\/Site_Dr_Marcio.jpg 925w, https:\/\/jusprev.org.br\/backup\/wp-content\/uploads\/2020\/03\/Site_Dr_Marcio-300x174.jpg 300w, https:\/\/jusprev.org.br\/backup\/wp-content\/uploads\/2020\/03\/Site_Dr_Marcio-768x446.jpg 768w\" sizes=\"auto, (max-width: 691px) 100vw, 691px\" \/><\/p>\n<p><strong>Vantagens em ser uma Instituidora da Jusprev<\/strong><\/p>\n<p>Como a Conamp faz parte do Col\u00e9gio de Instituidoras da Jusprev, seus associados e familiares (c\u00f4njuges e dependentes econ\u00f4micos) podem aderir ao PLANJUS, que \u00e9 o plano de benef\u00edcios previdenci\u00e1rios administrado pela Jusprev.<\/p>\n<p>O plano de previd\u00eancia privada, criado pela Jusprev, oferece muitos benef\u00edcios para quem o adere. Um deles \u00e9 a dedu\u00e7\u00e3o do Imposto de Renda, que pode chegar em at\u00e9 12% da renda anual bruta do participante. \u00c9 poss\u00edvel optar pela Renda Mensal Programada, que \u00e9 destinada para a aposentadora, al\u00e9m de mais tr\u00eas importantes benef\u00edcios para proporcionar seguran\u00e7a financeira para o participante e sua fam\u00edlia. S\u00e3o elas: Renda Mensal por Morte, Renda Mensal por Invalidez e Renda Mensal Educacional.<\/p>\n<p>As coberturas do Planjus podem ser estendidas para familiares dos participantes, aumentando a rede de prote\u00e7\u00e3o e cuidados financeiros para o futuro.<\/p>\n<p>A Jusprev nasceu da for\u00e7a e uni\u00e3o de Associa\u00e7\u00f5es, que se preocupam com o futuro financeiro de seus associados. E por isso, juntas, criaram uma Entidade forte, transparente e segura. <a href=\"https:\/\/jusprev.org.br\/backup\/nosso-plano\/\">Conhe\u00e7a todas as vantagens do Planjus.<\/a><\/p>\n","protected":false},"excerpt":{"rendered":"<p>A Jusprev, por meio do seu Diretor Jur\u00eddico e de Benef\u00edcios, M\u00e1rcio Humberto Gheller, participou no \u00faltimo dia 11 de mar\u00e7o da cerim\u00f4nia de posse da nova diretoria da Associa\u00e7\u00e3o&#8230;<\/p>\n","protected":false},"author":1,"featured_media":13742,"comment_status":"open","ping_status":"closed","sticky":false,"template":"","format":"standard","meta":{"footnotes":""},"categories":[52,31],"tags":[],"class_list":["post-13741","post","type-post","status-publish","format-standard","has-post-thumbnail","hentry","category-destaque","category-noticias"],"_links":{"self":[{"href":"https:\/\/jusprev.org.br\/backup\/wp-json\/wp\/v2\/posts\/13741","targetHints":{"allow":["GET"]}}],"collection":[{"href":"https:\/\/jusprev.org.br\/backup\/wp-json\/wp\/v2\/posts"}],"about":[{"href":"https:\/\/jusprev.org.br\/backup\/wp-json\/wp\/v2\/types\/post"}],"author":[{"embeddable":true,"href":"https:\/\/jusprev.org.br\/backup\/wp-json\/wp\/v2\/users\/1"}],"replies":[{"embeddable":true,"href":"https:\/\/jusprev.org.br\/backup\/wp-json\/wp\/v2\/comments?post=13741"}],"version-history":[{"count":2,"href":"https:\/\/jusprev.org.br\/backup\/wp-json\/wp\/v2\/posts\/13741\/revisions"}],"predecessor-version":[{"id":13746,"href":"https:\/\/jusprev.org.br\/backup\/wp-json\/wp\/v2\/posts\/13741\/revisions\/13746"}],"wp:featuredmedia":[{"embeddable":true,"href":"https:\/\/jusprev.org.br\/backup\/wp-json\/wp\/v2\/media\/13742"}],"wp:attachment":[{"href":"https:\/\/jusprev.org.br\/backup\/wp-json\/wp\/v2\/media?parent=13741"}],"wp:term":[{"taxonomy":"category","embeddable":true,"href":"https:\/\/jusprev.org.br\/backup\/wp-json\/wp\/v2\/categories?post=13741"},{"taxonomy":"post_tag","embeddable":true,"href":"https:\/\/jusprev.org.br\/backup\/wp-json\/wp\/v2\/tags?post=13741"}],"curies":[{"name":"wp","href":"https:\/\/api.w.org\/{rel}","templated":true}]}}