{"id":13773,"date":"2020-03-23T13:46:03","date_gmt":"2020-03-23T16:46:03","guid":{"rendered":"https:\/\/jusprev.org.br\/backup\/?p=13773"},"modified":"2020-04-07T16:09:00","modified_gmt":"2020-04-07T19:09:00","slug":"veja-como-declarar-a-sua-previdencia-no-ir","status":"publish","type":"post","link":"https:\/\/jusprev.org.br\/backup\/veja-como-declarar-a-sua-previdencia-no-ir\/","title":{"rendered":"Veja como declarar a sua previd\u00eancia no IR. Receita prorroga prazo at\u00e9 30 de junho"},"content":{"rendered":"<p><em><strong>Jusprev disponibiliza cartilha desenvolvida por especialista em finan\u00e7as<\/strong><\/em><\/p>\n<p><strong>A Receita Federal do Brasil prorrogou o prazo final para a declara\u00e7\u00e3o do Imposto de Renda em 2020. O envio poder\u00e1 ser feito at\u00e9 o dia 30 de junho.<\/strong> Est\u00e3o sendo esperados o envio de mais de 32 milh\u00f5es de declara\u00e7\u00f5es at\u00e9 o fim deste prazo.<\/p>\n<p>As suas contribui\u00e7\u00f5es para o Planjus devem ser declaradas no seu IR. E vale lembrar que todas as contribui\u00e7\u00f5es feitas durante o ano de 2019, para qualquer das rendas oferecidas pelo plano de previd\u00eancia complementar da Jusprev contar\u00e3o, inclusive, para o c\u00e1lculo da sua dedu\u00e7\u00e3o do IR, que pode chegar em at\u00e9 12% da renda anual bruta do participante.<\/p>\n<p>Para ajud\u00e1-lo no preenchimento da declara\u00e7\u00e3o, a nossa especialista em finan\u00e7as, professora Myrian Lund, preparou uma cartilha com as informa\u00e7\u00f5es necess\u00e1rias.<\/p>\n<p><a href=\"https:\/\/jusprev.org.br\/backup\/wp-content\/uploads\/2020\/03\/JUSPREV_CartilhaIR_Marco_P1.pdf\">ACESSE AQUI.<\/a><\/p>\n<p>Em caso de d\u00favidas, entre em contato com a nossa equipe ou mesmo com o seu consultor previdenci\u00e1rio, pelos canais: <a href=\"mailto:consultoria@jusprev.org.br\">consultoria@jusprev.org.br<\/a> e <a href=\"mailto:relacionamento@jusprev.org.br\">relacionamento@jusprev.org.br\u00a0<\/a><\/p>\n<p><strong>Informe de Rendimentos<\/strong><br \/>\n<strong>Veja como acessar:\u00a0<\/strong><\/p>\n<p>Para a sua comodidade, a Jusprev enviou no e-mail de todos os participantes o Informe de Rendimentos 2019, documento para a sua declara\u00e7\u00e3o do Planjus no seu IR. O informe tamb\u00e9m est\u00e1 dispon\u00edvel no Portal Meu Futuro, exclusivo do participante, por meio do link:\u00a0https:\/\/www.meufuturo.net.br\/jusprev\/<\/p>\n<p>&nbsp;<\/p>\n","protected":false},"excerpt":{"rendered":"<p>Jusprev disponibiliza cartilha desenvolvida por especialista em finan\u00e7as A Receita Federal do Brasil prorrogou o prazo final para a declara\u00e7\u00e3o do Imposto de Renda em 2020. O envio poder\u00e1 ser&#8230;<\/p>\n","protected":false},"author":1,"featured_media":13776,"comment_status":"open","ping_status":"closed","sticky":false,"template":"","format":"standard","meta":{"footnotes":""},"categories":[52,31],"tags":[],"class_list":["post-13773","post","type-post","status-publish","format-standard","has-post-thumbnail","hentry","category-destaque","category-noticias"],"_links":{"self":[{"href":"https:\/\/jusprev.org.br\/backup\/wp-json\/wp\/v2\/posts\/13773","targetHints":{"allow":["GET"]}}],"collection":[{"href":"https:\/\/jusprev.org.br\/backup\/wp-json\/wp\/v2\/posts"}],"about":[{"href":"https:\/\/jusprev.org.br\/backup\/wp-json\/wp\/v2\/types\/post"}],"author":[{"embeddable":true,"href":"https:\/\/jusprev.org.br\/backup\/wp-json\/wp\/v2\/users\/1"}],"replies":[{"embeddable":true,"href":"https:\/\/jusprev.org.br\/backup\/wp-json\/wp\/v2\/comments?post=13773"}],"version-history":[{"count":8,"href":"https:\/\/jusprev.org.br\/backup\/wp-json\/wp\/v2\/posts\/13773\/revisions"}],"predecessor-version":[{"id":13792,"href":"https:\/\/jusprev.org.br\/backup\/wp-json\/wp\/v2\/posts\/13773\/revisions\/13792"}],"wp:featuredmedia":[{"embeddable":true,"href":"https:\/\/jusprev.org.br\/backup\/wp-json\/wp\/v2\/media\/13776"}],"wp:attachment":[{"href":"https:\/\/jusprev.org.br\/backup\/wp-json\/wp\/v2\/media?parent=13773"}],"wp:term":[{"taxonomy":"category","embeddable":true,"href":"https:\/\/jusprev.org.br\/backup\/wp-json\/wp\/v2\/categories?post=13773"},{"taxonomy":"post_tag","embeddable":true,"href":"https:\/\/jusprev.org.br\/backup\/wp-json\/wp\/v2\/tags?post=13773"}],"curies":[{"name":"wp","href":"https:\/\/api.w.org\/{rel}","templated":true}]}}