{"id":13793,"date":"2020-04-08T10:03:46","date_gmt":"2020-04-08T13:03:46","guid":{"rendered":"https:\/\/jusprev.org.br\/backup\/?p=13793"},"modified":"2020-04-08T10:25:15","modified_gmt":"2020-04-08T13:25:15","slug":"financas-x-pandemia-e-hora-de-falar-sobre-educacao-financeira","status":"publish","type":"post","link":"https:\/\/jusprev.org.br\/backup\/financas-x-pandemia-e-hora-de-falar-sobre-educacao-financeira\/","title":{"rendered":"Finan\u00e7as X Pandemia: \u00c9 hora de falar sobre educa\u00e7\u00e3o financeira"},"content":{"rendered":"<p style=\"text-align: center;\"><em>Confira uma s\u00e9rie de dicas que a Jusprev preparou para voc\u00ea, com a especialista em finan\u00e7as, Myrian Lund<\/em><\/p>\n<p><strong>A JUSPREV est\u00e1 ciente e preocupada com a import\u00e2ncia de manter seu p\u00fablico bem informado, e por dentro de todos os acontecimentos neste per\u00edodo.\u00a0<\/strong>Por isso est\u00e1 buscando se adaptar de forma eficaz, com o cen\u00e1rio atual pelo qual estamos vivendo, jamais perdendo suas principais qualidades junto aos participantes, a sua transpar\u00eancia, seguran\u00e7a e proximidade!<\/p>\n<p>Sabemos tamb\u00e9m que as crises sempre trazem junto consigo oportunidades relevantes, \u00a0e em se falando de previd\u00eancia complementar fechada, n\u00e3o seria diferente. Sendo assim, \u00a0\u00e9 necess\u00e1rio mantermos a sua import\u00e2ncia e difundir a educa\u00e7\u00e3o e a cultura previdenci\u00e1ria\u00a0 junto a todos.<\/p>\n<p>Pensando nisso, neste momento onde todos est\u00e3o conectados, mais do que nunca, \u00a0virtualmente, vamos exercer nosso papel levando at\u00e9 voc\u00ea informa\u00e7\u00f5es que visam a \u00a0prote\u00e7\u00e3o do seu patrim\u00f4nio, evitando a\u00e7\u00f5es desnecess\u00e1rias que possam comprometer seus investimentos, afinal sempre devemos ressaltar que o car\u00e1ter da previd\u00eancia t\u00eam um perfil de longo prazo, e retiradas neste investimento no momento atual de crise n\u00e3o \u00e9 uma boa alternativa quando se fala em futuro financeiro, a reserva destinada para a sua aposentadoria.<\/p>\n<p>No decorrer das pr\u00f3ximas semanas seremos perseverantes no assunto, com intuito de levar conhecimento ao nosso p\u00fablico, atrav\u00e9s de informa\u00e7\u00f5es atualizadas, ajudando principalmente a tranquilizar a todos. Atrav\u00e9s das nossas redes sociais, j\u00e1 \u00e9 poss\u00edvel acompanhar dicas e conte\u00fados de como melhor passar por esta crise.<\/p>\n<p><strong>E para lhe oferecer ainda mais seguran\u00e7a, nossa especialista em finan\u00e7as Myrian Lund, por meio de uma s\u00e9rie de v\u00eddeos, vai nos falar um pouco mais sobre educa\u00e7\u00e3o financeira, auxiliando como fazer reservas com o seu dinheiro e o momento certo para ampliar investimentos para longo prazo. Aproveite seu tempo em casa e fique por dentro de todas dicas e\u00a0\u00a0informa\u00e7\u00f5es.\u00a0<\/strong><\/p>\n<p>ACOMPANHE ABAIXO OS V\u00cdDEOS DA PROFESSORA E ESPECIALISTA EM FINAN\u00c7AS, MYRIAN LUND:<\/p>\n<p>&nbsp;<\/p>\n<p><strong>SAIBA COMO FAZER RESERVAS PARA O SEU DINHEIRO<\/strong><\/p>\n<p>&nbsp;<\/p>\n<p><iframe loading=\"lazy\" title=\"Saiba como fazer reservas para o seu dinheiro, com a especialista em finan\u00e7as, Myrian Lund\" width=\"500\" height=\"281\" src=\"https:\/\/www.youtube.com\/embed\/NXzljOWGFb0?feature=oembed\" frameborder=\"0\" allow=\"accelerometer; autoplay; clipboard-write; encrypted-media; gyroscope; picture-in-picture; web-share\" referrerpolicy=\"strict-origin-when-cross-origin\" allowfullscreen><\/iframe><\/p>\n<p>&nbsp;<\/p>\n<p><strong>O MOMENTO \u00c9 DE AMPLIAR INVESTIMENTOS A LONGO PRAZO<\/strong><\/p>\n<p>&nbsp;<\/p>\n<p><iframe loading=\"lazy\" title=\"O momento \u00e9 de ampliar investimentos a longo-prazo, por Myrian Lund\" width=\"500\" height=\"281\" src=\"https:\/\/www.youtube.com\/embed\/xTrrZ3lpwug?feature=oembed\" frameborder=\"0\" allow=\"accelerometer; autoplay; clipboard-write; encrypted-media; gyroscope; picture-in-picture; web-share\" referrerpolicy=\"strict-origin-when-cross-origin\" allowfullscreen><\/iframe><\/p>\n<p>&nbsp;<\/p>\n<p><strong>A SITUA\u00c7\u00c3O ATUAL IMPACTA NA SUA PREVID\u00caNCIA?<\/strong><\/p>\n<p><iframe loading=\"lazy\" title=\"A situa\u00e7\u00e3o atual impacta na sua previd\u00eancia? Por Myrian Lund\" width=\"500\" height=\"281\" src=\"https:\/\/www.youtube.com\/embed\/0cIRmgO_Qu8?feature=oembed\" frameborder=\"0\" allow=\"accelerometer; autoplay; clipboard-write; encrypted-media; gyroscope; picture-in-picture; web-share\" referrerpolicy=\"strict-origin-when-cross-origin\" allowfullscreen><\/iframe><\/p>\n","protected":false},"excerpt":{"rendered":"<p>Confira uma s\u00e9rie de dicas que a Jusprev preparou para voc\u00ea, com a especialista em finan\u00e7as, Myrian Lund A JUSPREV est\u00e1 ciente e preocupada com a import\u00e2ncia de manter seu&#8230;<\/p>\n","protected":false},"author":3,"featured_media":13797,"comment_status":"open","ping_status":"closed","sticky":false,"template":"","format":"standard","meta":{"footnotes":""},"categories":[52,31],"tags":[],"class_list":["post-13793","post","type-post","status-publish","format-standard","has-post-thumbnail","hentry","category-destaque","category-noticias"],"_links":{"self":[{"href":"https:\/\/jusprev.org.br\/backup\/wp-json\/wp\/v2\/posts\/13793","targetHints":{"allow":["GET"]}}],"collection":[{"href":"https:\/\/jusprev.org.br\/backup\/wp-json\/wp\/v2\/posts"}],"about":[{"href":"https:\/\/jusprev.org.br\/backup\/wp-json\/wp\/v2\/types\/post"}],"author":[{"embeddable":true,"href":"https:\/\/jusprev.org.br\/backup\/wp-json\/wp\/v2\/users\/3"}],"replies":[{"embeddable":true,"href":"https:\/\/jusprev.org.br\/backup\/wp-json\/wp\/v2\/comments?post=13793"}],"version-history":[{"count":6,"href":"https:\/\/jusprev.org.br\/backup\/wp-json\/wp\/v2\/posts\/13793\/revisions"}],"predecessor-version":[{"id":13802,"href":"https:\/\/jusprev.org.br\/backup\/wp-json\/wp\/v2\/posts\/13793\/revisions\/13802"}],"wp:featuredmedia":[{"embeddable":true,"href":"https:\/\/jusprev.org.br\/backup\/wp-json\/wp\/v2\/media\/13797"}],"wp:attachment":[{"href":"https:\/\/jusprev.org.br\/backup\/wp-json\/wp\/v2\/media?parent=13793"}],"wp:term":[{"taxonomy":"category","embeddable":true,"href":"https:\/\/jusprev.org.br\/backup\/wp-json\/wp\/v2\/categories?post=13793"},{"taxonomy":"post_tag","embeddable":true,"href":"https:\/\/jusprev.org.br\/backup\/wp-json\/wp\/v2\/tags?post=13793"}],"curies":[{"name":"wp","href":"https:\/\/api.w.org\/{rel}","templated":true}]}}