{"id":13964,"date":"2020-06-16T16:56:13","date_gmt":"2020-06-16T19:56:13","guid":{"rendered":"https:\/\/jusprev.org.br\/backup\/?p=13964"},"modified":"2020-06-16T17:17:37","modified_gmt":"2020-06-16T20:17:37","slug":"jusprev-participa-de-live-da-anfip-sobre-previdencia-associativa-planos-instituidores-nesta-quarta-17-06","status":"publish","type":"post","link":"https:\/\/jusprev.org.br\/backup\/jusprev-participa-de-live-da-anfip-sobre-previdencia-associativa-planos-instituidores-nesta-quarta-17-06\/","title":{"rendered":"JUSPREV participa de live da ANFIP sobre \u201cPrevid\u00eancia Associativa \u2013 Planos Instituidores\u201d nesta quarta (17.06)"},"content":{"rendered":"<p>Nesta quarta-feira (17.06), \u00e0s 10h, a Jusprev participa de uma live promovida pela Associa\u00e7\u00e3o Nacional dos Auditores Fiscais da Receita Federal do Brasil (ANFIP), com o tema \u201cPrevid\u00eancia Associativa \u2013 Planos Instituidores\u201d. A ANFIP integra o Col\u00e9gio de Insituidoras da Jusprev, que possui mais de 80 Associa\u00e7\u00f5es de Carreiras P\u00fablicas do Brasil.<\/p>\n<p>Ser\u00e3o abordados os principais assuntos que envolvem as caracter\u00edsticas e vantagens de uma previd\u00eancia associativa, que \u00e9 o caso da Jusprev, bem como os benef\u00edcios de ser tonar um participante da maior uni\u00e3o formal de associa\u00e7\u00f5es de carreiras p\u00fablicas do pa\u00eds.<\/p>\n<p>Ir\u00e3o integrar a Live a gerente da Jusprev e advogada especialista em Previd\u00eancia Complementar, Deborah Maggio, o presidente da ANFIP, D\u00e9cio Bruno Lopes, o vice-presidente Executivo, M\u00e1rcio Humberto Gheller, o presidente do Instituto de Estudos Previdenci\u00e1rios IEPREV, Roberto de Carvalho Santos e o presidente da Associa\u00e7\u00e3o Nacional dos Participantes de Fundos de Pens\u00e3o ANAPAR, Ant\u00f4nio Br\u00e1ulio de Carvalho.<\/p>\n<p><strong>Assista nos canais:<br \/>\n<\/strong><strong>\u00a0<\/strong><\/p>\n<p><strong>? Assista no Facebook ANFIP \u2013 <a href=\"https:\/\/www.facebook.com\/anfip.nacional\/\">https:\/\/www.facebook.com\/anfip.nacional\/<\/a><\/strong><strong>\u00a0<\/strong><\/p>\n<p><strong>? Assista no Youtube ANFIP \u2013 <a href=\"https:\/\/www.youtube.com\/user\/Anfipoficial\">https:\/\/www.youtube.com\/user\/Anfipoficial<\/a><\/strong><strong>\u00a0<\/strong><\/p>\n<p><strong>? Assista no Facebook Ag\u00eancia Servidores \u2013 <a href=\"https:\/\/www.facebook.com\/agenciaservidores\/\">https:\/\/www.facebook.com\/agenciaservidores\/<\/a><\/strong><strong>\u00a0<\/strong><\/p>\n<p><strong>? Assista no Youtube Ag\u00eancia Servidores \u2013 <a href=\"https:\/\/www.youtube.com\/agenciaservidores\">https:\/\/www.youtube.com\/agenciaservidores<\/a><\/strong><\/p>\n<p>&nbsp;<\/p>\n<p><img loading=\"lazy\" decoding=\"async\" class=\"alignnone size-full wp-image-13966\" src=\"https:\/\/jusprev.org.br\/backup\/wp-content\/uploads\/2020\/06\/WhatsApp-Image-2020-06-16-at-16.36.46.jpeg\" alt=\"\" width=\"567\" height=\"624\" srcset=\"https:\/\/jusprev.org.br\/backup\/wp-content\/uploads\/2020\/06\/WhatsApp-Image-2020-06-16-at-16.36.46.jpeg 567w, https:\/\/jusprev.org.br\/backup\/wp-content\/uploads\/2020\/06\/WhatsApp-Image-2020-06-16-at-16.36.46-273x300.jpeg 273w\" sizes=\"auto, (max-width: 567px) 100vw, 567px\" \/><\/p>\n","protected":false},"excerpt":{"rendered":"<p>Nesta quarta-feira (17.06), \u00e0s 10h, a Jusprev participa de uma live promovida pela Associa\u00e7\u00e3o Nacional dos Auditores Fiscais da Receita Federal do Brasil (ANFIP), com o tema \u201cPrevid\u00eancia Associativa \u2013&#8230;<\/p>\n","protected":false},"author":3,"featured_media":13966,"comment_status":"open","ping_status":"closed","sticky":false,"template":"","format":"standard","meta":{"footnotes":""},"categories":[52,31],"tags":[],"class_list":["post-13964","post","type-post","status-publish","format-standard","has-post-thumbnail","hentry","category-destaque","category-noticias"],"_links":{"self":[{"href":"https:\/\/jusprev.org.br\/backup\/wp-json\/wp\/v2\/posts\/13964","targetHints":{"allow":["GET"]}}],"collection":[{"href":"https:\/\/jusprev.org.br\/backup\/wp-json\/wp\/v2\/posts"}],"about":[{"href":"https:\/\/jusprev.org.br\/backup\/wp-json\/wp\/v2\/types\/post"}],"author":[{"embeddable":true,"href":"https:\/\/jusprev.org.br\/backup\/wp-json\/wp\/v2\/users\/3"}],"replies":[{"embeddable":true,"href":"https:\/\/jusprev.org.br\/backup\/wp-json\/wp\/v2\/comments?post=13964"}],"version-history":[{"count":5,"href":"https:\/\/jusprev.org.br\/backup\/wp-json\/wp\/v2\/posts\/13964\/revisions"}],"predecessor-version":[{"id":13972,"href":"https:\/\/jusprev.org.br\/backup\/wp-json\/wp\/v2\/posts\/13964\/revisions\/13972"}],"wp:featuredmedia":[{"embeddable":true,"href":"https:\/\/jusprev.org.br\/backup\/wp-json\/wp\/v2\/media\/13966"}],"wp:attachment":[{"href":"https:\/\/jusprev.org.br\/backup\/wp-json\/wp\/v2\/media?parent=13964"}],"wp:term":[{"taxonomy":"category","embeddable":true,"href":"https:\/\/jusprev.org.br\/backup\/wp-json\/wp\/v2\/categories?post=13964"},{"taxonomy":"post_tag","embeddable":true,"href":"https:\/\/jusprev.org.br\/backup\/wp-json\/wp\/v2\/tags?post=13964"}],"curies":[{"name":"wp","href":"https:\/\/api.w.org\/{rel}","templated":true}]}}