{"id":15163,"date":"2022-01-06T14:01:34","date_gmt":"2022-01-06T17:01:34","guid":{"rendered":"https:\/\/jusprev.org.br\/backup\/?p=15163"},"modified":"2022-01-06T14:04:12","modified_gmt":"2022-01-06T17:04:12","slug":"presidente-do-comite-de-investimentos-recebe-certificado-da-anbima","status":"publish","type":"post","link":"https:\/\/jusprev.org.br\/backup\/presidente-do-comite-de-investimentos-recebe-certificado-da-anbima\/","title":{"rendered":"Presidente do Comit\u00ea de Investimentos recebe certificado da ANBIMA"},"content":{"rendered":"<p>O presidente do Comit\u00ea de Investimentos da JUSPREV, Dr. Gerv\u00e1sio Prot\u00e1sio dos Santos J\u00fanior, recebeu, recentemente, a certifica\u00e7\u00e3o CPA-20 (Atualiza\u00e7\u00e3o 2021) da Associa\u00e7\u00e3o Brasileira das Entidades dos Mercados Financeiro e de Capitais (ANBIMA).<\/p>\n<p>A certifica\u00e7\u00e3o de profissionais dos fundos de pens\u00e3o \u00e9 um processo de aferi\u00e7\u00e3o de conhecimento e habilidades em determinada \u00e1rea com o objetivo de atestar sua compet\u00eancia no exerc\u00edcio do cargo ou fun\u00e7\u00e3o. A certifica\u00e7\u00e3o da ANBIMA foi desenvolvida como instrumento de autorregula\u00e7\u00e3o do sistema de previd\u00eancia complementar.<\/p>\n<p>Gerv\u00e1sio Prot\u00e1sio dos Santos J\u00fanior \u00e9 Juiz de Direito h\u00e1 30 anos, titular da 6\u00aa Vara C\u00edvel do Termo Judici\u00e1rio de S\u00e3o Lu\u00eds, Comarca da Ilha e ocupa o cargo de presidente do comit\u00ea de investimentos da JUSPREV desde agosto de 2021. P\u00f3s-graduado em Direito Civil e Processo Civil, ex-presidente da Associa\u00e7\u00e3o dos Magistrados do Maranh\u00e3o por quatro bi\u00eanios. Ex-coordenador da Justi\u00e7a Estadual da Associa\u00e7\u00e3o dos Magistrados Brasileiros na gest\u00e3o 2014\/2016. Possui certifica\u00e7\u00e3o pelo CPA-20 e pelo ICSS, com \u00canfase em Administra\u00e7\u00e3o.<\/p>\n","protected":false},"excerpt":{"rendered":"<p>O presidente do Comit\u00ea de Investimentos da JUSPREV, Dr. Gerv\u00e1sio Prot\u00e1sio dos Santos J\u00fanior, recebeu, recentemente, a certifica\u00e7\u00e3o CPA-20 (Atualiza\u00e7\u00e3o 2021) da Associa\u00e7\u00e3o Brasileira das Entidades dos Mercados Financeiro e&#8230;<\/p>\n","protected":false},"author":3,"featured_media":0,"comment_status":"closed","ping_status":"closed","sticky":false,"template":"","format":"standard","meta":{"footnotes":""},"categories":[52,31],"tags":[],"class_list":["post-15163","post","type-post","status-publish","format-standard","hentry","category-destaque","category-noticias"],"_links":{"self":[{"href":"https:\/\/jusprev.org.br\/backup\/wp-json\/wp\/v2\/posts\/15163","targetHints":{"allow":["GET"]}}],"collection":[{"href":"https:\/\/jusprev.org.br\/backup\/wp-json\/wp\/v2\/posts"}],"about":[{"href":"https:\/\/jusprev.org.br\/backup\/wp-json\/wp\/v2\/types\/post"}],"author":[{"embeddable":true,"href":"https:\/\/jusprev.org.br\/backup\/wp-json\/wp\/v2\/users\/3"}],"replies":[{"embeddable":true,"href":"https:\/\/jusprev.org.br\/backup\/wp-json\/wp\/v2\/comments?post=15163"}],"version-history":[{"count":2,"href":"https:\/\/jusprev.org.br\/backup\/wp-json\/wp\/v2\/posts\/15163\/revisions"}],"predecessor-version":[{"id":15165,"href":"https:\/\/jusprev.org.br\/backup\/wp-json\/wp\/v2\/posts\/15163\/revisions\/15165"}],"wp:attachment":[{"href":"https:\/\/jusprev.org.br\/backup\/wp-json\/wp\/v2\/media?parent=15163"}],"wp:term":[{"taxonomy":"category","embeddable":true,"href":"https:\/\/jusprev.org.br\/backup\/wp-json\/wp\/v2\/categories?post=15163"},{"taxonomy":"post_tag","embeddable":true,"href":"https:\/\/jusprev.org.br\/backup\/wp-json\/wp\/v2\/tags?post=15163"}],"curies":[{"name":"wp","href":"https:\/\/api.w.org\/{rel}","templated":true}]}}