{"id":3932,"date":"2012-07-09T15:38:54","date_gmt":"2012-07-09T18:38:54","guid":{"rendered":"https:\/\/jusprev.org.br\/backup\/?p=3932"},"modified":"2012-07-09T15:38:54","modified_gmt":"2012-07-09T18:38:54","slug":"confira-o-informa-online-jusprev-no-25-edicao-de-junho","status":"publish","type":"post","link":"https:\/\/jusprev.org.br\/backup\/confira-o-informa-online-jusprev-no-25-edicao-de-junho\/","title":{"rendered":"Informativo n\u00ba 25 &#8211;  Junho de 2012"},"content":{"rendered":"<p>&nbsp;<\/p>\n<table style=\"font-family: verdana, geneva, sans-serif; font-size: 11px;\" width=\"670\" border=\"2\" cellspacing=\"2\" cellpadding=\"0\" bgcolor=\"#006699\">\n<tbody>\n<tr>\n<td>\n<table width=\"640\" border=\"0\" cellspacing=\"5\" cellpadding=\"5\" bgcolor=\"#cccccc\">\n<tbody>\n<tr>\n<td colspan=\"2\"><img loading=\"lazy\" decoding=\"async\" class=\"alignleft size-full wp-image-5894\" title=\"cabecalho_julho\" alt=\"\" src=\"https:\/\/jusprev.org.br\/backup\/wp-content\/uploads\/2012\/07\/cabecalho_julho.jpg\" width=\"640\" height=\"124\" \/><\/td>\n<\/tr>\n<tr>\n<td style=\"text-align: justify; border: #039 1px solid;\" align=\"justify\" valign=\"top\" bgcolor=\"#ffffff\" width=\"315\">\n<div style=\"background-color: #0e2e45; color: #fff; font-size: 12px; border: 0px; padding: 5px;\">Cartilha contendo Estatuto, Regulamento e Guia do Participante da JUSPREV tem novo layout<\/div>\n<div style=\"background-color: #0e2e45; color: #fff; font-size: 12px; border: 0px; padding: 5px;\"><\/div>\n<p style=\"text-align: justify; padding: 5px;\" align=\"justify\">A JUSPREV fez uma atualiza\u00e7\u00e3o na cartilha contendo seu Estatuto, Regulamento e Guia do Participante. O material recebeu uma nova capa, al\u00e9m de algumas altera\u00e7\u00f5es no Guia do Participante. O novo layout da capa representa a uni\u00e3o associativa, bem como demonstra a import\u00e2ncia de investir no presente para desfrutar no futuro.<\/p>\n<\/td>\n<td style=\"text-align: justify; border: #039 1px solid;\" align=\"justify\" valign=\"top\" bgcolor=\"#ffffff\" width=\"315\">\n<div style=\"background-color: #0e2e45; color: #fff; font-size: 12px; border: 0px; padding: 5px;\"><span style=\"color: #ffffff;\"><a href=\"https:\/\/jusprev.org.br\/backup\/?p=3934\"><span style=\"color: #ffffff;\">Presidente do Conselho Deliberativo da JUSPREV \u00e9 certificado pelo ICSS<\/span><\/a><\/span><\/div>\n<p style=\"text-align: justify; padding: 5px;\" align=\"justify\">No \u00faltima semana o presidente do Conselho Deliberativo da JUSPREV, Luiz Ant\u00f4nio Ferreira de Ara\u00fajo teve seu processo de certifica\u00e7\u00e3o aprovado pelo Instituto de Certifica\u00e7\u00e3o de Profissionais de Seguridade Social (ICSS). O presidente do CD recebeu a aprova\u00e7\u00e3o por crit\u00e9rio de experi\u00eancia, obtendo o t\u00edtulo de Profissional Certificado com \u00canfase em Administra\u00e7\u00e3o.<\/p>\n<\/td>\n<\/tr>\n<tr>\n<td style=\"text-align: justify; border: #039 1px solid;\" align=\"justify\" valign=\"top\" bgcolor=\"#ffffff\" width=\"315\">\n<div style=\"background-color: #0e2e45; color: #fff; font-size: 12px; border: 0px; padding: 5px;\">\n<span style=\"color: #ffffff;\"><strong><span data-mce-mark=\"1\"><a href=\"https:\/\/jusprev.org.br\/backup\/?p=3945 \"><span style=\"color: #ffffff;\">30 anos para financiar o im\u00f3vel: vale a pena?<\/span><\/a><\/span><\/strong><\/span><\/div>\n<div style=\"background-color: #0e2e45; color: #fff; font-size: 12px; border: 0px; padding: 5px;\"><\/div>\n<p>H\u00e1 poucos dias, alguns bancos anunciaram o aumento do tempo de financiamento para a casa pr\u00f3pria,que agora pode chegar a 35 anos! A grande vantagem \u00e9 que esta decis\u00e3o pode lhe proporcionar o usufruto de sua casa pr\u00f3pria j\u00e1 (e provavelmente lhe livrar\u00e1 das despesas de aluguel) pagando uma mensalidade que caiba no seu bolso. Por outro lado, voc\u00ea deve saber que estar\u00e1 assumindo um compromisso de longo \u2026 muito longo prazo.<\/td>\n<td style=\"text-align: justify; border: #039 1px solid;\" align=\"justify\" valign=\"top\" bgcolor=\"#ffffff\" width=\"315\">\n<div style=\"background-color: #0e2e45; color: #fff; font-size: 12px; border: 0px; padding: 5px;\">\n<span style=\"color: #ffffff;\" data-mce-mark=\"1\"><a href=\"https:\/\/jusprev.org.br\/backup\/?p=3943\"><span style=\"color: #ffffff;\">Os perigos da redu\u00e7\u00e3o de juros<\/span><\/a><\/span><\/div>\n<div style=\"background-color: #0e2e45; color: #fff; font-size: 12px; border: 0px; padding: 5px;\"><\/div>\n<p>A redu\u00e7\u00e3o dos juros \u00e9 uma pol\u00edtica do governo que tem por objetivo estimular o consumo e a produ\u00e7\u00e3o por meio da facilita\u00e7\u00e3o do cr\u00e9dito, objetivando a acelera\u00e7\u00e3o da atividade econ\u00f4mica.Desde o terceiro trimestre de 2011, quando o PIB brasileiro apresentou crescimento zero, que a taxa b\u00e1sica de juros (SELIC) vem sofrendo redu\u00e7\u00e3o pelo Banco Central, estando hoje no patamar de 8,5% ao ano, o que configura a menor taxa da hist\u00f3ria.<\/td>\n<\/tr>\n<tr>\n<td colspan=\"2\" align=\"middle\" valign=\"top\"><a style=\"line-height: 18px; font-size: 16px;\" href=\"https:\/\/jusprev.org.br\/backup\/wp-content\/uploads\/2012\/09\/rede-de-prote\u00e7\u00e3o.jpg\"><span style=\"font-size: small;\"><img loading=\"lazy\" decoding=\"async\" class=\" wp-image-6215 aligncenter\" alt=\"rede de prote\u00e7\u00e3o\" src=\"https:\/\/jusprev.org.br\/backup\/wp-content\/uploads\/2012\/09\/rede-de-prote\u00e7\u00e3o.jpg\" width=\"587\" height=\"49\" \/><\/span><\/a><\/p>\n<p style=\"text-align: center;\">\u00a0Curta a p\u00e1gina da JUSPREV no Facebook,\u00a0<a style=\"font-family: verdana, geneva, sans-serif;\" href=\"http:\/\/jusprevpr.emktsender.net\/registra_clique.php?id=TH|teste|140969|6270&amp;url=http%3A%2F%2Fwww.facebook.com%2Fpages%2FJUSPREV%2F109339339167630%3Fref%3Dhl\">ACESSE AQUI<\/a><\/p>\n<p style=\"text-align: center;\"><a href=\"https:\/\/jusprev.org.br\/backup\/?page_id=5092\">FA\u00c7A UMA SIMULA\u00c7\u00c3O<\/a><\/p>\n<p style=\"text-align: center;\">Rua Mateus Leme, n.\u00ba 2018, T\u00e9rreo, Centro C\u00edvico &#8211; CEP: 80530-010, Curitiba, Paran\u00e1<\/p>\n<\/td>\n<\/tr>\n<tr>\n<td style=\"text-align: center; color: #fff; font-size: 16px; border: 0px; padding: 5px;\" colspan=\"2\" align=\"middle\" bgcolor=\"#0e2e45\"><img loading=\"lazy\" decoding=\"async\" class=\"size-full wp-image-5879\" alt=\"rodape_informativo\" src=\"https:\/\/jusprev.org.br\/backup\/wp-content\/uploads\/2012\/12\/rodape_informativo.jpg\" width=\"640\" height=\"71\" \/><\/td>\n<\/tr>\n<\/tbody>\n<\/table>\n<\/td>\n<\/tr>\n<\/tbody>\n<\/table>\n<p>&nbsp;<\/p>\n","protected":false},"excerpt":{"rendered":"<p>&nbsp; Cartilha contendo Estatuto, Regulamento e Guia do Participante da JUSPREV tem novo layout A JUSPREV fez uma atualiza\u00e7\u00e3o na cartilha contendo seu Estatuto, Regulamento e Guia do Participante. O&#8230;<\/p>\n","protected":false},"author":3,"featured_media":0,"comment_status":"closed","ping_status":"closed","sticky":false,"template":"","format":"standard","meta":{"footnotes":""},"categories":[32],"tags":[],"class_list":["post-3932","post","type-post","status-publish","format-standard","hentry","category-informativo"],"_links":{"self":[{"href":"https:\/\/jusprev.org.br\/backup\/wp-json\/wp\/v2\/posts\/3932","targetHints":{"allow":["GET"]}}],"collection":[{"href":"https:\/\/jusprev.org.br\/backup\/wp-json\/wp\/v2\/posts"}],"about":[{"href":"https:\/\/jusprev.org.br\/backup\/wp-json\/wp\/v2\/types\/post"}],"author":[{"embeddable":true,"href":"https:\/\/jusprev.org.br\/backup\/wp-json\/wp\/v2\/users\/3"}],"replies":[{"embeddable":true,"href":"https:\/\/jusprev.org.br\/backup\/wp-json\/wp\/v2\/comments?post=3932"}],"version-history":[{"count":0,"href":"https:\/\/jusprev.org.br\/backup\/wp-json\/wp\/v2\/posts\/3932\/revisions"}],"wp:attachment":[{"href":"https:\/\/jusprev.org.br\/backup\/wp-json\/wp\/v2\/media?parent=3932"}],"wp:term":[{"taxonomy":"category","embeddable":true,"href":"https:\/\/jusprev.org.br\/backup\/wp-json\/wp\/v2\/categories?post=3932"},{"taxonomy":"post_tag","embeddable":true,"href":"https:\/\/jusprev.org.br\/backup\/wp-json\/wp\/v2\/tags?post=3932"}],"curies":[{"name":"wp","href":"https:\/\/api.w.org\/{rel}","templated":true}]}}