{"id":4453,"date":"2012-10-27T19:12:15","date_gmt":"2012-10-27T21:12:15","guid":{"rendered":"https:\/\/jusprev.org.br\/backup\/?p=4453"},"modified":"2012-10-27T19:12:15","modified_gmt":"2012-10-27T21:12:15","slug":"adiar-aposentadoria-pode-ser-mau-negocio","status":"publish","type":"post","link":"https:\/\/jusprev.org.br\/backup\/adiar-aposentadoria-pode-ser-mau-negocio\/","title":{"rendered":"Adiar aposentadoria pode ser mau neg\u00f3cio"},"content":{"rendered":"<p><em>Fator previdenci\u00e1rio, ainda em vigor, \u00e9 respons\u00e1vel por redu\u00e7\u00e3o de at\u00e9 44% no ganho inicial da aposentadoria<br \/>\n<\/em><br \/>\nO fator previdenci\u00e1rio, ainda em vigor, \u00e9 respons\u00e1vel por redu\u00e7\u00e3o de at\u00e9 44% no ganho inicial da aposentadoria. Sua incid\u00eancia cai \u00e0 medida que aumenta o tempo de contribui\u00e7\u00e3o ou idade do segurado. Assim, um trabalhador com 35 anos de contribui\u00e7\u00e3o e 53 de idade, por exemplo, que tenha pago pelo valor m\u00e1ximo pelo menos 80% de suas contribui\u00e7\u00f5es de julho de 1994 para c\u00e1, ter\u00e1 um ganho inicial de R$ 2.275,97. Se contribuir por mais um ano e se aposentar aos 54 anos de idade, sua aposentadoria inicial ser\u00e1 de R$ 2.432,90 e assim por diante. Vale a pena? Se depender dos c\u00e1lculos de dois especialistas no assunto, a resposta \u00e9 n\u00e3o.<\/p>\n<p>A advogada Camila Fonseca, s\u00f3cia da Conprev &#8211; Consultoria Previdenci\u00e1ria, e o atu\u00e1rio e consultor Lourival Beneton, s\u00f3cio da Beneton Consultoria, fizeram uma s\u00e9rie de simula\u00e7\u00f5es para ajudar na decis\u00e3o de quem est\u00e1 pr\u00f3ximo de requerer ou j\u00e1 t\u00eam direito ao benef\u00edcio.<\/p>\n<p>\u201cNo exemplo citado, deve-se levar em conta se o trabalhador \u00e9 empregado ou aut\u00f4nomo. No caso de homem empregado, sua contribui\u00e7\u00e3o mensal \u00e9 de 11% e daria R$ 5.279,17 em um ano. Se aut\u00f4nomo, pagar\u00e1 12 x 738,35 = R$ 8.860,20. Nos dois casos, deixar\u00e1 de receber durante este ano de adiamento o valor mensal de R$ 2.275,97 ou R$ 29.587,61 no total\u201d, informa Camila.<\/p>\n<p>Como a diferen\u00e7a do benef\u00edcio entre de quem se aposenta agora e daquele que adia por um ano \u00e9 de R$ 156,93 por m\u00eas, o segurado s\u00f3 come\u00e7ar\u00e1 a sentir falta dessa diferen\u00e7a 19 anos depois, no caso de empregado, e 20 anos e 4 meses, se aut\u00f4nomo. Para chegar a esse prazo, Camila e Beneton dividiram o valor pago e o que o trabalhador deixou de ganhar pela diferen\u00e7a.<\/p>\n<p>Se o segurado for disciplinado e guardar esses valores com os quais n\u00e3o contaria, j\u00e1 que iria adiar a aposentadoria, a necessidade daqueles R$ 156,93 praticamente desaparece.<\/p>\n<p>\u201cFiz alguns c\u00e1lculos e apurei valores de acordo com as planilhas de simula\u00e7\u00e3o oferecidas pelo pr\u00f3prio INSS\u201d, informa Beneton.<\/p>\n<p><strong>Confira os exemplos<\/strong><br \/>\nSegurada mulher com contribui\u00e7\u00f5es pelo teto:<br \/>\n1\u00ba caso &#8211; 48 anos de idade e 30 de contribui\u00e7\u00e3o &#8211; renda mensal inicial: R$ 1.911,73 2\u00ba caso &#8211; 49 anos de idade e 31 de contribui\u00e7\u00e3o &#8211; renda mensal inicial: R$ 2.035,64<\/p>\n<p>Quando comparado o 1\u00ba com o 2\u00ba caso, diferen\u00e7a entre os benef\u00edcios \u00e9 de R$ 123,91. Aplicando-se as mesmas condi\u00e7\u00f5es para o exemplo do homem, se adiar sua aposentadoria, a segurada deixaria de receber 13 x 1.911,73 = 24.852,49 e ainda contribuiria com R$ 5.279,17 (se empregada) ou R$ 8.860,20 (se aut\u00f4noma). Seriam, portanto, R$ 30.131.66 ou R$ 33.712,69. Se empregada, a segurada s\u00f3 come\u00e7aria a \u201cperder\u201d em rela\u00e7\u00e3o a uma aposentadoria um pouco maior depois de 243 meses, ou 20 anos e 3 meses. Se aut\u00f4noma, essa falta s\u00f3 come\u00e7aria a ocorrer depois de 272 meses de aposentadoria (22 anos e 8 meses).<\/p>\n<p>Tamb\u00e9m neste caso, segundo Camila Fonseca, se a segurada for disciplinada e fizer uma poupan\u00e7a dos valores que j\u00e1 vai receber por ter decidido se aposentar e aplicar tamb\u00e9m o que deixou de recolher ao INSS (no caso de aut\u00f4nomo), a diferen\u00e7a a menos de R$ 123,91 a menos em rela\u00e7\u00e3o a quem adiou a aposentadoria n\u00e3o ser\u00e1 sentida. Isso porque a simples aplica\u00e7\u00e3o dos R$ 30.131,66 na poupan\u00e7a j\u00e1 rende por m\u00eas mais do que R$ 123,91.<\/p>\n<p>Procurado, o Minist\u00e9rio da Previd\u00eancia Social informa n\u00e3o comentar o assunto.<\/p>\n<p>(Site Terra)<\/p>\n","protected":false},"excerpt":{"rendered":"<p>Fator previdenci\u00e1rio, ainda em vigor, \u00e9 respons\u00e1vel por redu\u00e7\u00e3o de at\u00e9 44% no ganho inicial da aposentadoria O fator previdenci\u00e1rio, ainda em vigor, \u00e9 respons\u00e1vel por redu\u00e7\u00e3o de at\u00e9 44%&#8230;<\/p>\n","protected":false},"author":3,"featured_media":0,"comment_status":"closed","ping_status":"closed","sticky":false,"template":"","format":"standard","meta":{"footnotes":""},"categories":[31],"tags":[],"class_list":["post-4453","post","type-post","status-publish","format-standard","hentry","category-noticias"],"_links":{"self":[{"href":"https:\/\/jusprev.org.br\/backup\/wp-json\/wp\/v2\/posts\/4453","targetHints":{"allow":["GET"]}}],"collection":[{"href":"https:\/\/jusprev.org.br\/backup\/wp-json\/wp\/v2\/posts"}],"about":[{"href":"https:\/\/jusprev.org.br\/backup\/wp-json\/wp\/v2\/types\/post"}],"author":[{"embeddable":true,"href":"https:\/\/jusprev.org.br\/backup\/wp-json\/wp\/v2\/users\/3"}],"replies":[{"embeddable":true,"href":"https:\/\/jusprev.org.br\/backup\/wp-json\/wp\/v2\/comments?post=4453"}],"version-history":[{"count":0,"href":"https:\/\/jusprev.org.br\/backup\/wp-json\/wp\/v2\/posts\/4453\/revisions"}],"wp:attachment":[{"href":"https:\/\/jusprev.org.br\/backup\/wp-json\/wp\/v2\/media?parent=4453"}],"wp:term":[{"taxonomy":"category","embeddable":true,"href":"https:\/\/jusprev.org.br\/backup\/wp-json\/wp\/v2\/categories?post=4453"},{"taxonomy":"post_tag","embeddable":true,"href":"https:\/\/jusprev.org.br\/backup\/wp-json\/wp\/v2\/tags?post=4453"}],"curies":[{"name":"wp","href":"https:\/\/api.w.org\/{rel}","templated":true}]}}