{"id":4851,"date":"2012-09-05T12:37:03","date_gmt":"2012-09-05T15:37:03","guid":{"rendered":"https:\/\/jusprev.org.br\/backup\/?p=4851"},"modified":"2012-09-05T12:37:03","modified_gmt":"2012-09-05T15:37:03","slug":"retencao-de-declaracoes-abrapp-busca-solucao-junto-a-receita-federal","status":"publish","type":"post","link":"https:\/\/jusprev.org.br\/backup\/retencao-de-declaracoes-abrapp-busca-solucao-junto-a-receita-federal\/","title":{"rendered":"Reten\u00e7\u00e3o de declara\u00e7\u00f5es: ABRAPP busca solu\u00e7\u00e3o junto \u00e0 Receita Federal"},"content":{"rendered":"<p style=\"text-align: justify;\">Procurada por algumas associadas, a ABRAPP, que j\u00e1 atuou intensamente junto \u00e0s autoridades para resolv\u00ea-lo, nota que um problema que julgava superado volta a preocupar. Imediatamente, na \u00faltima sexta-feira (31), uma reuni\u00e3o de urg\u00eancia foi solicitada \u00e0 equipe t\u00e9cnica da Receita.<\/p>\n<p>O problema que retorna \u00e9 causado pela reten\u00e7\u00e3o por parte da Receita das declara\u00e7\u00f5es de ajuste de participantes que sejam autopatrocinados, tenham feito contribui\u00e7\u00f5es extraordin\u00e1rias ou que participem de planos associativos. A SRF diz que ret\u00e9m em raz\u00e3o de incoer\u00eancias detectadas entre as informa\u00e7\u00f5es transmitidas pelas pessoas f\u00edsicas e os dados fornecidos pelas entidades, que seguramente nenhuma culpa t\u00eam por algo motivado por uma legisla\u00e7\u00e3o que n\u00e3o estabelece os procedimentos de como as autoridades devem ser informadas.<\/p>\n<p>A ABRAPP, que em passado recente conversou longamente com a Receita e a SPPC (Secretaria de Pol\u00edticas de Previd\u00eancia Complementar), volta agora a tratar com a \u00e1rea t\u00e9cnica da primeira, esperando uma solu\u00e7\u00e3o definitiva em breve.<\/p>\n<p style=\"text-align: justify;\">(ABRAPP)<\/p>\n<p style=\"text-align: justify;\">\n","protected":false},"excerpt":{"rendered":"<p>Procurada por algumas associadas, a ABRAPP, que j\u00e1 atuou intensamente junto \u00e0s autoridades para resolv\u00ea-lo, nota que um problema que julgava superado volta a preocupar. Imediatamente, na \u00faltima sexta-feira (31),&#8230;<\/p>\n","protected":false},"author":3,"featured_media":0,"comment_status":"closed","ping_status":"closed","sticky":false,"template":"","format":"standard","meta":{"footnotes":""},"categories":[31],"tags":[],"class_list":["post-4851","post","type-post","status-publish","format-standard","hentry","category-noticias"],"_links":{"self":[{"href":"https:\/\/jusprev.org.br\/backup\/wp-json\/wp\/v2\/posts\/4851","targetHints":{"allow":["GET"]}}],"collection":[{"href":"https:\/\/jusprev.org.br\/backup\/wp-json\/wp\/v2\/posts"}],"about":[{"href":"https:\/\/jusprev.org.br\/backup\/wp-json\/wp\/v2\/types\/post"}],"author":[{"embeddable":true,"href":"https:\/\/jusprev.org.br\/backup\/wp-json\/wp\/v2\/users\/3"}],"replies":[{"embeddable":true,"href":"https:\/\/jusprev.org.br\/backup\/wp-json\/wp\/v2\/comments?post=4851"}],"version-history":[{"count":0,"href":"https:\/\/jusprev.org.br\/backup\/wp-json\/wp\/v2\/posts\/4851\/revisions"}],"wp:attachment":[{"href":"https:\/\/jusprev.org.br\/backup\/wp-json\/wp\/v2\/media?parent=4851"}],"wp:term":[{"taxonomy":"category","embeddable":true,"href":"https:\/\/jusprev.org.br\/backup\/wp-json\/wp\/v2\/categories?post=4851"},{"taxonomy":"post_tag","embeddable":true,"href":"https:\/\/jusprev.org.br\/backup\/wp-json\/wp\/v2\/tags?post=4851"}],"curies":[{"name":"wp","href":"https:\/\/api.w.org\/{rel}","templated":true}]}}