{"id":4855,"date":"2012-09-11T17:08:06","date_gmt":"2012-09-11T20:08:06","guid":{"rendered":"https:\/\/jusprev.org.br\/backup\/?p=4855"},"modified":"2012-09-11T17:08:06","modified_gmt":"2012-09-11T20:08:06","slug":"retencao-de-declaracoes-abrapp-vai-se-reunir-com-a-receita-federal","status":"publish","type":"post","link":"https:\/\/jusprev.org.br\/backup\/retencao-de-declaracoes-abrapp-vai-se-reunir-com-a-receita-federal\/","title":{"rendered":"Reten\u00e7\u00e3o de Declara\u00e7\u00f5es: ABRAPP vai se reunir com a Receita Federal"},"content":{"rendered":"<div style=\"text-align: justify;\">Dever\u00e1 ser na pr\u00f3xima semana a reuni\u00e3o t\u00e9cnica da ABRAPP com a Coordenadoria de Fiscaliza\u00e7\u00e3o da Receita, para tratar do problema da reten\u00e7\u00e3o, por parte desta \u00faltima, das declara\u00e7\u00f5es de ajuste de participantes que s\u00e3o autopatrocinados e que tenham feito contribui\u00e7\u00f5es extraordin\u00e1rias \u00a0ou que participem \u00a0de planos associativos. O agendamento desse encontro \u00e9 fruto dos contatos que a ABRAPP, atrav\u00e9s principalmente da advogada Patr\u00edcia Linhares, especialista em Direito Tribut\u00e1rio, vem mantendo com a autarquia desde que a quest\u00e3o retornou semanas atr\u00e1s, ap\u00f3s parecer resolvida \u00a0h\u00e1 alguns meses.<\/div>\n<div style=\"text-align: justify;\"><\/div>\n<div style=\"text-align: justify;\">A Receita diz que ret\u00e9m em raz\u00e3o de incoer\u00eancias detectadas entre as informa\u00e7\u00f5es transmitidas pelas pessoas f\u00edsicas e os dados fornecidos pelas entidades, que seguramente nenhuma culpa t\u00eam por algo motivado por um entendimento incorrreto por parte das autoridades e por uma legisla\u00e7\u00e3o que n\u00e3o estabelece os procedimentos de como estas devem ser informadas.<\/div>\n<div style=\"text-align: justify;\"><\/div>\n<div style=\"text-align: justify;\">(ABRAPP)<\/div>\n","protected":false},"excerpt":{"rendered":"<p>Dever\u00e1 ser na pr\u00f3xima semana a reuni\u00e3o t\u00e9cnica da ABRAPP com a Coordenadoria de Fiscaliza\u00e7\u00e3o da Receita, para tratar do problema da reten\u00e7\u00e3o, por parte desta \u00faltima, das declara\u00e7\u00f5es de&#8230;<\/p>\n","protected":false},"author":3,"featured_media":0,"comment_status":"closed","ping_status":"closed","sticky":false,"template":"","format":"standard","meta":{"footnotes":""},"categories":[31],"tags":[],"class_list":["post-4855","post","type-post","status-publish","format-standard","hentry","category-noticias"],"_links":{"self":[{"href":"https:\/\/jusprev.org.br\/backup\/wp-json\/wp\/v2\/posts\/4855","targetHints":{"allow":["GET"]}}],"collection":[{"href":"https:\/\/jusprev.org.br\/backup\/wp-json\/wp\/v2\/posts"}],"about":[{"href":"https:\/\/jusprev.org.br\/backup\/wp-json\/wp\/v2\/types\/post"}],"author":[{"embeddable":true,"href":"https:\/\/jusprev.org.br\/backup\/wp-json\/wp\/v2\/users\/3"}],"replies":[{"embeddable":true,"href":"https:\/\/jusprev.org.br\/backup\/wp-json\/wp\/v2\/comments?post=4855"}],"version-history":[{"count":0,"href":"https:\/\/jusprev.org.br\/backup\/wp-json\/wp\/v2\/posts\/4855\/revisions"}],"wp:attachment":[{"href":"https:\/\/jusprev.org.br\/backup\/wp-json\/wp\/v2\/media?parent=4855"}],"wp:term":[{"taxonomy":"category","embeddable":true,"href":"https:\/\/jusprev.org.br\/backup\/wp-json\/wp\/v2\/categories?post=4855"},{"taxonomy":"post_tag","embeddable":true,"href":"https:\/\/jusprev.org.br\/backup\/wp-json\/wp\/v2\/tags?post=4855"}],"curies":[{"name":"wp","href":"https:\/\/api.w.org\/{rel}","templated":true}]}}