{"id":4857,"date":"2012-09-13T10:58:03","date_gmt":"2012-09-13T13:58:03","guid":{"rendered":"https:\/\/jusprev.org.br\/backup\/?p=4857"},"modified":"2012-09-13T10:58:03","modified_gmt":"2012-09-13T13:58:03","slug":"retencao-de-declaracoes-sppc-e-previc-ajudam-a-resolver","status":"publish","type":"post","link":"https:\/\/jusprev.org.br\/backup\/retencao-de-declaracoes-sppc-e-previc-ajudam-a-resolver\/","title":{"rendered":"Reten\u00e7\u00e3o de Declara\u00e7\u00f5es: SPPC e Previc ajudam a resolver"},"content":{"rendered":"<p style=\"text-align: justify;\">O Presidente Jos\u00e9 de Souza Mendon\u00e7a levou ontem \u00e0s reuni\u00f5es que teve na SPPC (Secretaria de Pol\u00edticas de Previd\u00eancia Complementar) e na PREVIC (Superintend\u00eancia Nacional de Previd\u00eancia Complementar) o problema da reten\u00e7\u00e3o, por parte da Receita, das declara\u00e7\u00f5es de ajuste de participantes que s\u00e3o autopatrocinados e que tenham feito contribui\u00e7\u00f5es extraordin\u00e1rias ou que participem de planos associativos. Ao Secret\u00e1rio Jaime Mariz e ao Superintendente Jos\u00e9 Maria Rabelo explicou longamente que as entidades n\u00e3o t\u00eam qualquer culpa por essa situa\u00e7\u00e3o, tendo ambos se mostrado sens\u00edveis aos argumentos.<\/p>\n<p style=\"text-align: justify;\">Tanto assim que um representante da PREVIC ir\u00e1 acompanhar a ABRAPP na reuni\u00e3o que teremos na pr\u00f3xima semana com a equipe t\u00e9cnica da Coordenadoria de Fiscaliza\u00e7\u00e3o da Receita para tratar da quest\u00e3o. Nesse sentido, \u00e9 importante dizer que o agendamento desse encontro \u00e9 fruto dos contatos que a ABRAPP, atrav\u00e9s principalmente da advogada Patr\u00edcia Linhares, especialista em Direito Tribut\u00e1rio, vem mantendo com a autarquia desde que a quest\u00e3o retornou semanas atr\u00e1s, ap\u00f3s parecer resolvida h\u00e1 alguns meses.<\/p>\n<p style=\"text-align: justify;\">Para efetuar a reten\u00e7\u00e3o a Receita alega a exist\u00eancia de incoer\u00eancias detectadas entre as informa\u00e7\u00f5es transmitidas pelas pessoas f\u00edsicas e os dados fornecidos pelas entidades. Estas \u00faltimas, e o Presidente Mendon\u00e7a enfatizou muito este ponto nas reuni\u00f5es de ontem, seguramente nenhuma culpa t\u00eam por algo motivado por um entendimento incorrreto por parte das autoridades e por uma legisla\u00e7\u00e3o que n\u00e3o estabelece os procedimentos de como estas devem ser informadas.<\/p>\n<p style=\"text-align: justify;\">(Abrapp)<\/p>\n","protected":false},"excerpt":{"rendered":"<p>O Presidente Jos\u00e9 de Souza Mendon\u00e7a levou ontem \u00e0s reuni\u00f5es que teve na SPPC (Secretaria de Pol\u00edticas de Previd\u00eancia Complementar) e na PREVIC (Superintend\u00eancia Nacional de Previd\u00eancia Complementar) o problema&#8230;<\/p>\n","protected":false},"author":3,"featured_media":0,"comment_status":"closed","ping_status":"closed","sticky":false,"template":"","format":"standard","meta":{"footnotes":""},"categories":[31],"tags":[],"class_list":["post-4857","post","type-post","status-publish","format-standard","hentry","category-noticias"],"_links":{"self":[{"href":"https:\/\/jusprev.org.br\/backup\/wp-json\/wp\/v2\/posts\/4857","targetHints":{"allow":["GET"]}}],"collection":[{"href":"https:\/\/jusprev.org.br\/backup\/wp-json\/wp\/v2\/posts"}],"about":[{"href":"https:\/\/jusprev.org.br\/backup\/wp-json\/wp\/v2\/types\/post"}],"author":[{"embeddable":true,"href":"https:\/\/jusprev.org.br\/backup\/wp-json\/wp\/v2\/users\/3"}],"replies":[{"embeddable":true,"href":"https:\/\/jusprev.org.br\/backup\/wp-json\/wp\/v2\/comments?post=4857"}],"version-history":[{"count":0,"href":"https:\/\/jusprev.org.br\/backup\/wp-json\/wp\/v2\/posts\/4857\/revisions"}],"wp:attachment":[{"href":"https:\/\/jusprev.org.br\/backup\/wp-json\/wp\/v2\/media?parent=4857"}],"wp:term":[{"taxonomy":"category","embeddable":true,"href":"https:\/\/jusprev.org.br\/backup\/wp-json\/wp\/v2\/categories?post=4857"},{"taxonomy":"post_tag","embeddable":true,"href":"https:\/\/jusprev.org.br\/backup\/wp-json\/wp\/v2\/tags?post=4857"}],"curies":[{"name":"wp","href":"https:\/\/api.w.org\/{rel}","templated":true}]}}