{"id":5975,"date":"2012-12-06T11:52:15","date_gmt":"2012-12-06T13:52:15","guid":{"rendered":"https:\/\/jusprev.org.br\/backup\/?p=5975"},"modified":"2012-12-06T11:52:15","modified_gmt":"2012-12-06T13:52:15","slug":"informativo-no-29","status":"publish","type":"post","link":"https:\/\/jusprev.org.br\/backup\/informativo-no-29\/","title":{"rendered":"Informativo n\u00ba 30 &#8211; Novembro de 2012"},"content":{"rendered":"<table style=\"font-family: verdana, geneva, sans-serif; font-size: 11px;\" width=\"670\" border=\"2\" cellspacing=\"2\" cellpadding=\"0\" bgcolor=\"#006699\">\n<tbody>\n<tr>\n<td>\n<table width=\"640\" border=\"0\" cellspacing=\"5\" cellpadding=\"5\" bgcolor=\"#cccccc\">\n<tbody>\n<tr>\n<td colspan=\"2\">\u00a0<img loading=\"lazy\" decoding=\"async\" class=\"size-full wp-image-6001 aligncenter\" alt=\"cabe\u00e7alho NOVEMBRO\" src=\"https:\/\/jusprev.org.br\/backup\/wp-content\/uploads\/2012\/12\/cabe\u00e7alho-NOVEMBRO.jpg\" width=\"640\" height=\"124\" \/><\/td>\n<\/tr>\n<tr>\n<td style=\"text-align: justify; border: #039 1px solid;\" align=\"justify\" valign=\"top\" bgcolor=\"#ffffff\" width=\"315\">\n<div style=\"background-color: #0e2e45; color: #fff; font-size: 12px; border: 0px; padding: 5px;\"><\/div>\n<div style=\"background-color: #0e2e45; color: #fff; font-size: 12px; border: 0px; padding: 5px;\"><span style=\"color: #ffffff;\" data-mce-mark=\"1\"><b><a href=\"https:\/\/jusprev.org.br\/backup\/?p=5983\"><span style=\"color: #ffffff;\" data-mce-mark=\"1\">JUSPREV comemora seu 5\u00ba anivers\u00e1rio<\/span><\/a><\/b><\/span><\/div>\n<div style=\"background-color: #0e2e45; color: #fff; font-size: 12px; border: 0px; padding: 5px;\"><\/div>\n<p style=\"text-align: justify; padding: 5px;\" align=\"justify\">A JUSPREV completa nesta quinta-feira (06) seu 5\u00ba Anivers\u00e1rio e comemora os resultados alcan\u00e7ados ao longo de sua trajet\u00f3ria. Atualmente, a entidade conta com aproximadamente 2250 participantes, patrim\u00f4nio superior a R$ 47,5 milh\u00f5es e 55 Associa\u00e7\u00f5es Instituidoras. A entidade se renova a cada ano, com o intuito de superar os desafios, tendo como alicerces de sua gest\u00e3o a credibilidade e transpar\u00eancia. Al\u00e9m disso, \u00e9 o reflexo da maior uni\u00e3o associativa de Entidades de Classe de Carreiras Jur\u00eddicas P\u00fablicas do Brasil, congregando tamb\u00e9m a Associa\u00e7\u00e3o Nacional dos Auditores Fiscais da Receita Federal do Brasil.<\/p>\n<p>&nbsp;<\/td>\n<td style=\"text-align: justify; border: #039 1px solid;\" align=\"justify\" valign=\"top\" bgcolor=\"#ffffff\" width=\"315\">\n<div style=\"background-color: #0e2e45; color: #fff; font-size: 12px; border: 0px; padding: 5px;\">\n<p><strong><a href=\"https:\/\/jusprev.org.br\/backup\/?p=5980\">ANFIP lan\u00e7a Plano de Previd\u00eancia Associativa<\/a><\/strong><\/p>\n<\/div>\n<p><a href=\"https:\/\/jusprev.org.br\/backup\/?p=5980\">\u00a0<\/a><\/p>\n<p>O presidente \u00c1lvaro S\u00f3lon de Fran\u00e7a formalizou a primeira ades\u00e3o ao Plano de Previd\u00eancia Associativa da ANFIP, lan\u00e7ado na tarde de hoje (5) durante reuni\u00e3o conjunta dos conselhos Executivo e de Representantes. O vice-presidente Executivo, Floriano Jos\u00e9 Martins, e o vice-presidente de Assuntos Jur\u00eddicos, M\u00e1rcio Gheller, tamb\u00e9m aderiram ao plano, administrado pela JUSPREV. Participaram do lan\u00e7amento Jos\u00e9 Maria Rabelo, diretor superintendente da Previc; Jos\u00e9 Edson da Cunha Junior, secret\u00e1rio-adjunto da \u00a0Secretaria Pol\u00edticas de Previd\u00eancia Complementar do MPS; Maria Tereza Uille Gomes, diretora presidente da JUSPREV; e Jair Eduardo Santana, diretor administrativo financeiro da JUSPREV.<\/td>\n<\/tr>\n<tr>\n<td style=\"text-align: justify; border: #039 1px solid;\" align=\"justify\" valign=\"top\" bgcolor=\"#ffffff\" width=\"315\">\n<div style=\"background-color: #0e2e45; color: #fff; font-size: 12px; border: 0px; padding: 5px;\"><\/div>\n<p><a href=\"https:\/\/jusprev.org.br\/backup\/?p=5591\"><\/p>\n<div style=\"background-color: #0e2e45; color: #fff; font-size: 12px; border: 0px; padding: 5px;\"><strong>Presidentes da AMB, APMP e JUSPREV se re\u00fanem com Ministra da Casa Civil<\/strong><\/div>\n<p><\/a><\/p>\n<p style=\"text-align: justify; padding: 5px;\" align=\"justify\">Os Presidentes Nelson Calandra (AMB), Wanderlei Carvalho da Silva (Associa\u00e7\u00e3o Paranaense do Minist\u00e9rio P\u00fablico &#8211; APMP) e Maria Tereza Uille Gomes (Previd\u00eancia Associativa do Minist\u00e9rio P\u00fablico e da Justi\u00e7a Brasileira- JUSPREV), se reuniram, na quinta-feira (22), com a Ministra da Casa Civil, Gleisi Hoffmann, onde foram tratados temas relacionados \u00e0s pol\u00edticas p\u00fablicas sobre drogas e viol\u00eancia, al\u00e9m de quest\u00f5es associativas.<\/p>\n<\/td>\n<td style=\"text-align: justify; border: #039 1px solid;\" align=\"justify\" valign=\"top\" bgcolor=\"#ffffff\" width=\"315\">\n<div style=\"background-color: #0e2e45; color: #fff; font-size: 12px; border: 0px; padding: 5px;\"><\/div>\n<div style=\"background-color: #0e2e45; color: #fff; font-size: 12px; border: 0px; padding: 5px;\"><strong><span style=\"color: #ffffff;\" data-mce-mark=\"1\"><a href=\"https:\/\/jusprev.org.br\/backup\/?p=5987\"><span style=\"color: #ffffff;\" data-mce-mark=\"1\">Cesta de alimenta\u00e7\u00e3o n\u00e3o integra o benef\u00edcio previdenci\u00e1rio<\/span><\/a><\/span><\/strong><\/div>\n<div style=\"background-color: #0e2e45; color: #fff; font-size: 12px; border: 0px; padding: 5px;\"><\/div>\n<p style=\"text-align: justify; padding: 5px;\" align=\"justify\">A Revista Fundos de Pens\u00e3o publicou em sua edi\u00e7\u00e3o n\u00ba 382 de Setembro\/Outubro de 2012, a mat\u00e9ria \u201cCesta de alimenta\u00e7\u00e3o n\u00e3o integra o benef\u00edcio previdenci\u00e1rio\u201d, que aborda sobre a\u00e7\u00f5es judiciais movidas por aposentados ligados a v\u00e1rios fundos de pens\u00e3o, no intuito de incorporar aos seus benef\u00edcios previdenci\u00e1rios o aux\u00edlio \u00e0 cesta-alimenta\u00e7\u00e3o que recebiam das empresas patrocinadoras quando ainda estavam na ativa.<\/p>\n<p>&nbsp;<\/td>\n<\/tr>\n<tr>\n<td colspan=\"2\" align=\"middle\" valign=\"top\">\n<table width=\"640\" border=\"0\" cellspacing=\"5\" cellpadding=\"5\" bgcolor=\"#cccccc\">\n<tbody>\n<tr>\n<td align=\"justify\" valign=\"top\" bgcolor=\"#ffffff\" width=\"315\"><a href=\"https:\/\/jusprev.org.br\/backup\/?p=5977\"><span style=\"color: #0000ff;\" data-mce-mark=\"1\"><strong>Aderiu ao PLANJUS? Entenda um pouco mais sobre o Plano de Benef\u00edcios da JUSPREV<\/strong><\/span>&nbsp;<\/p>\n<p><\/a><br \/>\nO Informa Online apresentar\u00e1 em cada edi\u00e7\u00e3o as principais informa\u00e7\u00f5es que devem ser de conhecimento dos participantes do Plano de Benef\u00edcios Previdenci\u00e1rios (PLANJUS). Nesta edi\u00e7\u00e3o ser\u00e1 abordado sobre os Benef\u00edcios de Renda Mensal por Morte e Renda Mensal por Invalidez<\/td>\n<td align=\"justify\" valign=\"top\" bgcolor=\"#ffffff\" width=\"315\">\u00a0<img loading=\"lazy\" decoding=\"async\" class=\"alignleft  wp-image-6182\" alt=\"2087-Jusprev_Aporte-2\" src=\"https:\/\/jusprev.org.br\/backup\/wp-content\/uploads\/2012\/12\/2087-Jusprev_Aporte-2.jpg\" width=\"293\" height=\"251\" \/><\/td>\n<\/tr>\n<\/tbody>\n<\/table>\n<p><img loading=\"lazy\" decoding=\"async\" class=\"wp-image-5989 aligncenter\" alt=\"aniversario_jusprev\" src=\"https:\/\/jusprev.org.br\/backup\/wp-content\/uploads\/2012\/12\/aniversario_jusprev.jpg\" width=\"626\" height=\"685\" \/><\/p>\n<p style=\"text-align: center;\"><a style=\"line-height: 18px; font-size: 16px;\" href=\"https:\/\/jusprev.org.br\/backup\/wp-content\/uploads\/2012\/09\/rede-de-prote\u00e7\u00e3o.jpg\"><span style=\"font-size: small;\" data-mce-mark=\"1\"><img loading=\"lazy\" decoding=\"async\" class=\" wp-image-6215 aligncenter\" alt=\"rede de prote\u00e7\u00e3o\" src=\"https:\/\/jusprev.org.br\/backup\/wp-content\/uploads\/2012\/09\/rede-de-prote\u00e7\u00e3o.jpg\" width=\"587\" height=\"49\" \/><\/span><\/a><\/p>\n<p style=\"text-align: center;\">\u00a0Curta a p\u00e1gina da JUSPREV no Facebook,\u00a0<a style=\"font-family: verdana, geneva, sans-serif;\" href=\"http:\/\/jusprevpr.emktsender.net\/registra_clique.php?id=TH|teste|140969|6270&amp;url=http%3A%2F%2Fwww.facebook.com%2Fpages%2FJUSPREV%2F109339339167630%3Fref%3Dhl\">ACESSE AQUI<\/a><\/p>\n<p style=\"text-align: center;\"><a href=\"https:\/\/jusprev.org.br\/backup\/?page_id=5092\">FA\u00c7A UMA SIMULA\u00c7\u00c3O<\/a><\/p>\n<p style=\"text-align: center;\">Rua Mateus Leme, n.\u00ba 2018, T\u00e9rreo, Centro C\u00edvico &#8211; CEP: 80530-010, Curitiba, Paran\u00e1<\/p>\n<\/td>\n<\/tr>\n<tr>\n<td style=\"text-align: center; color: #fff; font-size: 16px; border: 0px; padding: 5px;\" colspan=\"2\" align=\"middle\" bgcolor=\"#0e2e45\"><img loading=\"lazy\" decoding=\"async\" class=\"size-full wp-image-5879\" alt=\"rodape_informativo\" src=\"https:\/\/jusprev.org.br\/backup\/wp-content\/uploads\/2012\/12\/rodape_informativo.jpg\" width=\"640\" height=\"71\" \/><\/td>\n<\/tr>\n<\/tbody>\n<\/table>\n<\/td>\n<\/tr>\n<\/tbody>\n<\/table>\n<p>&nbsp;<\/p>\n","protected":false},"excerpt":{"rendered":"<p>\u00a0 JUSPREV comemora seu 5\u00ba anivers\u00e1rio A JUSPREV completa nesta quinta-feira (06) seu 5\u00ba Anivers\u00e1rio e comemora os resultados alcan\u00e7ados ao longo de sua trajet\u00f3ria. Atualmente, a entidade conta com&#8230;<\/p>\n","protected":false},"author":3,"featured_media":0,"comment_status":"closed","ping_status":"closed","sticky":false,"template":"","format":"standard","meta":{"footnotes":""},"categories":[32],"tags":[],"class_list":["post-5975","post","type-post","status-publish","format-standard","hentry","category-informativo"],"_links":{"self":[{"href":"https:\/\/jusprev.org.br\/backup\/wp-json\/wp\/v2\/posts\/5975","targetHints":{"allow":["GET"]}}],"collection":[{"href":"https:\/\/jusprev.org.br\/backup\/wp-json\/wp\/v2\/posts"}],"about":[{"href":"https:\/\/jusprev.org.br\/backup\/wp-json\/wp\/v2\/types\/post"}],"author":[{"embeddable":true,"href":"https:\/\/jusprev.org.br\/backup\/wp-json\/wp\/v2\/users\/3"}],"replies":[{"embeddable":true,"href":"https:\/\/jusprev.org.br\/backup\/wp-json\/wp\/v2\/comments?post=5975"}],"version-history":[{"count":0,"href":"https:\/\/jusprev.org.br\/backup\/wp-json\/wp\/v2\/posts\/5975\/revisions"}],"wp:attachment":[{"href":"https:\/\/jusprev.org.br\/backup\/wp-json\/wp\/v2\/media?parent=5975"}],"wp:term":[{"taxonomy":"category","embeddable":true,"href":"https:\/\/jusprev.org.br\/backup\/wp-json\/wp\/v2\/categories?post=5975"},{"taxonomy":"post_tag","embeddable":true,"href":"https:\/\/jusprev.org.br\/backup\/wp-json\/wp\/v2\/tags?post=5975"}],"curies":[{"name":"wp","href":"https:\/\/api.w.org\/{rel}","templated":true}]}}