{"id":6003,"date":"2012-11-10T13:00:24","date_gmt":"2012-11-10T15:00:24","guid":{"rendered":"https:\/\/jusprev.org.br\/backup\/?p=6003"},"modified":"2012-11-10T13:00:24","modified_gmt":"2012-11-10T15:00:24","slug":"6003-2","status":"publish","type":"post","link":"https:\/\/jusprev.org.br\/backup\/6003-2\/","title":{"rendered":"Informativo n\u00ba 29"},"content":{"rendered":"<table style=\"font-family: verdana, geneva, sans-serif; font-size: 11px;\" width=\"670\" border=\"2\" cellspacing=\"2\" cellpadding=\"0\" align=\"center\" bgcolor=\"#006699\">\n<tbody>\n<tr>\n<td>\n<table width=\"640\" border=\"0\" cellspacing=\"5\" cellpadding=\"5\" bgcolor=\"#cccccc\">\n<tbody>\n<tr>\n<td colspan=\"2\"><img loading=\"lazy\" decoding=\"async\" alt=\"\" src=\"http:\/\/jusprevpr.emktsender.net\/messageimages\/11044131117414039\/135532168850509300\/cabealho_outubro_2012.jpg\" width=\"640\" height=\"124\" \/><\/td>\n<\/tr>\n<tr>\n<td style=\"border: 1px solid #003399; text-align: justify;\" align=\"justify\" valign=\"top\" bgcolor=\"#ffffff\" width=\"315\"><span style=\"display: none;\" data-mce-mark=\"1\">\u00a0<\/span><\/p>\n<div style=\"padding: 5px; border: 0px currentcolor; color: #ffffff; font-size: 12px; background-color: #0e2e45;\">\n<p><strong><a href=\"https:\/\/jusprev.org.br\/backup\/?p=5598\"><span style=\"font-size: 14px;\" data-mce-mark=\"1\"><span style=\"font-family: arial, helvetica, sans-serif;\" data-mce-mark=\"1\">Ganhos extras de final de ano podem ajudar os participantes a garantir dedu\u00e7\u00e3o de IR em 2012\u00a0<\/span><\/span><\/a><span style=\"font-family: arial,helvetica,sans-serif;\" data-mce-mark=\"1\"><span style=\"display: none;\" data-mce-mark=\"1\">\u00a0<\/span><\/span><span style=\"font-family: arial,helvetica,sans-serif;\" data-mce-mark=\"1\"><span style=\"display: none;\" data-mce-mark=\"1\">\u00a0<\/span><\/span><\/strong><\/p>\n<\/div>\n<p><span style=\"display: none;\" data-mce-mark=\"1\">\u00a0<\/span><\/p>\n<p><span style=\"font-size: 14px;\" data-mce-mark=\"1\"><span style=\"font-family: arial, helvetica, sans-serif;\" data-mce-mark=\"1\">Com a chegada do final do ano, os ganhos extras recebidos como 13\u00ba sal\u00e1rio, f\u00e9rias e b\u00f4nus podem ser uma boa oportunidade para o participante da JUSPREV realizar contribui\u00e7\u00f5es adicionais e aproveitar o benef\u00edcio tribut\u00e1rio pagando menos imposto de renda.<\/span><\/span><\/td>\n<td style=\"border: 1px solid #003399; text-align: justify;\" align=\"justify\" valign=\"top\" bgcolor=\"#ffffff\" width=\"315\">\n<div style=\"padding: 5px; border: 0px currentcolor; color: #ffffff; font-size: 12px; background-color: #0e2e45;\"><span style=\"font-size: 14px;\" data-mce-mark=\"1\"><span style=\"font-family: arial, helvetica, sans-serif;\" data-mce-mark=\"1\"><strong><a href=\"https:\/\/jusprev.org.br\/backup\/?p=5594\">Aderiu ao PLANJUS? Entenda um pouco mais sobre o Plano de Benef\u00edcios da JUSPREV<\/a><\/strong><\/span><\/span><\/div>\n<p>O Informa Online a partir desta edi\u00e7\u00e3o apresentar\u00e1 as principais informa\u00e7\u00f5es que devem ser de conhecimento dos participantes do Plano de Benef\u00edcios Previdenci\u00e1rios (PLANJUS). Nesta edi\u00e7\u00e3o ser\u00e3o abordados dois institutos: PORTABILIDADE e RESGATE.<\/td>\n<\/tr>\n<tr>\n<td colspan=\"2\" align=\"center\" valign=\"top\">\n<table width=\"640\" border=\"0\" cellspacing=\"5\" cellpadding=\"5\" bgcolor=\"#cccccc\">\n<tbody>\n<tr>\n<td style=\"border: 1px solid #003399; text-align: justify;\" align=\"justify\" valign=\"top\" bgcolor=\"#ffffff\" width=\"315\">\n<div style=\"padding: 5px; border: 0px currentcolor; color: #ffffff; font-size: 12px; background-color: #0e2e45;\">\n<p><span style=\"font-size: 14px;\" data-mce-mark=\"1\"><span style=\"font-family: arial, helvetica, sans-serif;\" data-mce-mark=\"1\"><a href=\"https:\/\/jusprev.org.br\/backup\/?p=5600\"><strong><span style=\"color: #ffffff;\" data-mce-mark=\"1\">Diretora-presidente e gerente da JUSPREV participam da posse da nova Diretoria da APEP<\/span><\/strong><\/a><\/span><\/span><\/p>\n<\/div>\n<p><span style=\"font-size: 14px;\" data-mce-mark=\"1\"><span style=\"font-family: arial, helvetica, sans-serif;\" data-mce-mark=\"1\"><span style=\"text-decoration: underline;\" data-mce-mark=\"1\"><img loading=\"lazy\" decoding=\"async\" style=\"width: 163px; height: 110px;\" alt=\"\" src=\"https:\/\/jusprev.org.br\/backup\/site\/images\/arquivos\/posse_apep.jpg\" width=\"163\" height=\"110\" align=\"left\" hspace=\"5\" vspace=\"5\" \/><\/span><span style=\"font-size: 12px;\" data-mce-mark=\"1\">A Diretora-presidente, Maria Tereza Uille Gomes e a Gerente da JUSPREV, Deborah Maggio participaram na \u00faltima segunda-feira (5), da solenidade de posse da nova Diretoria da Associa\u00e7\u00e3o dos Procuradores do Estado do Paran\u00e1 (APEP), na sede da entidade, em Curitiba.<\/span><\/span><\/span><\/td>\n<td style=\"border: 1px solid #003399; text-align: justify;\" align=\"justify\" valign=\"top\" bgcolor=\"#ffffff\" width=\"315\">\n<div style=\"padding: 5px; border: 0px currentcolor; color: #ffffff; font-size: 12px; background-color: #0e2e45;\">\n<p><span style=\"color: #ffffff;\" data-mce-mark=\"1\"><a href=\"https:\/\/jusprev.org.br\/backup\/?p=6008\"><span style=\"color: #ffffff;\" data-mce-mark=\"1\"><strong><span style=\"font-size: 14px;\" data-mce-mark=\"1\"><span style=\"font-family: arial, helvetica, sans-serif;\" data-mce-mark=\"1\">Terminologia impr\u00f3pria da legisla\u00e7\u00e3o dificulta a boa decis\u00e3o judicial<\/span><\/span><\/strong><\/span><\/a><\/span><span style=\"color: #ffffff;\" data-mce-mark=\"1\"><strong><span style=\"font-size: 14px;\" data-mce-mark=\"1\"><span style=\"font-family: arial, helvetica, sans-serif;\" data-mce-mark=\"1\"><br \/>\n<\/span><\/span><\/strong><\/span><\/p>\n<\/div>\n<div>\n<p><span style=\"font-size: 14px;\" data-mce-mark=\"1\"><span style=\"font-family: arial, helvetica, sans-serif;\" data-mce-mark=\"1\">A Revista Fundos de Pens\u00e3o publicou em sua edi\u00e7\u00e3o n\u00ba 381 de Julho\/Agosto de 2012, a mat\u00e9ria \u201cTerminologia impr\u00f3pria da legisla\u00e7\u00e3o dificulta a boa decis\u00e3o judicial\u201d, que aborda sobre os equ\u00edvocos jur\u00eddicos cometidos por desinforma\u00e7\u00e3o por parte dos operadores do direito, quanto ao sistema de previd\u00eancia privada brasileiro.<\/span><\/span><\/p>\n<\/div>\n<\/td>\n<\/tr>\n<\/tbody>\n<\/table>\n<p>&nbsp;<\/p>\n<table width=\"640\" border=\"0\" cellspacing=\"5\" cellpadding=\"5\" bgcolor=\"#cccccc\">\n<tbody>\n<tr>\n<td style=\"border: 1px solid #003399; text-align: justify;\" align=\"justify\" valign=\"top\" bgcolor=\"#ffffff\" width=\"315\">\n<div style=\"padding: 5px; border: 0px currentcolor; color: #ffffff; font-size: 12px; background-color: #0e2e45;\">\n<p class=\"MsoNormal\" style=\"margin: 0cm 0cm 0pt;\"><span style=\"font-size: 14px;\" data-mce-mark=\"1\"><span style=\"font-family: arial, helvetica, sans-serif;\" data-mce-mark=\"1\"><strong><a href=\"https:\/\/jusprev.org.br\/backup\/?p=5596\">JUSPREV participa do Congresso Brasileiro dos Fundos de Pens\u00e3o\u00a0<\/a><\/strong><\/span><\/span><\/p>\n<\/div>\n<p>O conselheiro deliberativo da JUSPREV, Sandro Loureiro Marones, o presidente do Comit\u00ea de Investimentos da entidade, Paulo Roberto Vasconcelos e o membro do Comit\u00ea, Jos\u00e9 Roberto Galv\u00e3o Leite, representaram a JUSPREV no 33\u00ba Congresso Brasileiro dos Fundos de Pens\u00e3o, realizado nos dias 24, 25 e 26 de outubro em S\u00e3o Paulo.<\/td>\n<td style=\"border: 1px solid #003399; text-align: justify;\" align=\"justify\" valign=\"top\" bgcolor=\"#ffffff\" width=\"315\"><a href=\"https:\/\/jusprev.org.br\/backup\/?page_id=5143\"><\/p>\n<div style=\"padding: 5px; border: 0px currentcolor; color: #ffffff; font-size: 12px; background-color: #0e2e45;\">\n<p><span style=\"font-size: 14px;\"><span style=\"font-family: arial, helvetica, sans-serif;\"><strong>\u00a0Novo conv\u00eanio para desconto em folha<\/strong><\/span><\/span><\/p>\n<\/div>\n<p>&nbsp;<\/p>\n<p>&nbsp;<\/p>\n<p><\/a>Os participantes da Associa\u00e7\u00e3o Sergipana do Minist\u00e9rio P\u00fablico (ASMP) j\u00e1 podem contar com a comodidade da op\u00e7\u00e3o de pagamento DESCONTO EM FOLHA.<\/p>\n<div>\n<p><span style=\"font-size: 14px;\"><span style=\"font-family: arial, helvetica, sans-serif;\">Para alterar sua forma de pagamento, envie um e-mail para jusprev@jusprev.org.br<\/span><\/span><\/p>\n<\/div>\n<\/td>\n<\/tr>\n<tr>\n<td colspan=\"2\">\n<p style=\"text-align: center;\"><a href=\"https:\/\/jusprev.org.br\/backup\/?attachment_id=6024\"><img loading=\"lazy\" decoding=\"async\" alt=\"\" src=\"http:\/\/jusprevpr.emktsender.net\/messageimages\/11044131117414039\/135532168850509300\/banner_campanha_para_informativo1.jpg\" width=\"288\" height=\"240\" align=\"left\" border=\"1\" \/><\/a><a href=\"https:\/\/jusprev.org.br\/backup\/site\/images\/arquivos\/emkt_aporte_novembro.jpg\"><img loading=\"lazy\" decoding=\"async\" alt=\"\" src=\"http:\/\/jusprevpr.emktsender.net\/messageimages\/11044131117414039\/135532168850509300\/banner_aporte(1).jpg\" width=\"305\" height=\"240\" align=\"right\" border=\"1\" \/><\/a><\/p>\n<\/td>\n<\/tr>\n<\/tbody>\n<\/table>\n<p><strong><span style=\"font-family: arial,helvetica,sans-serif; font-size: 12px; color: black;\" data-mce-mark=\"1\">Curta a p\u00e1gina da JUSPREV no Facebook, <\/span> <span style=\"color: black;\" data-mce-mark=\"1\"> <a href=\"http:\/\/jusprevpr.emktsender.net\/registra_clique.php?id=TH|teste|140969|6270&amp;url=http%3A%2F%2Fwww.facebook.com%2Fpages%2FJUSPREV%2F109339339167630%3Fref%3Dhl\">ACESSE AQUI<\/a> <\/span><\/strong><\/td>\n<\/tr>\n<tr>\n<td style=\"padding: 5px; border: 0px currentcolor; text-align: center; color: #ffffff; font-size: 16px;\" colspan=\"2\" align=\"center\" bgcolor=\"#0e2e45\"><span style=\"color: #000080;\">PENSE NO SEU FUTURO E VENHA FAZER PARTEDESSA VERDADEIRA REDE DE PROTE\u00c7\u00c3O.<\/span><\/td>\n<\/tr>\n<tr>\n<td style=\"text-align: center; font-size: 16px;\" colspan=\"2\" align=\"center\"><a title=\"CLIQUE AQUI E FA\u00c7A UMA SIMULA\u00c7\u00c3O\" href=\"https:\/\/jusprev.org.br\/backup\/?page_id=5092\" target=\"_blank\">FA\u00c7A UMA SIMULA\u00c7\u00c3O <\/a><\/td>\n<\/tr>\n<tr>\n<td style=\"text-align: center;\" colspan=\"2\" align=\"center\">Rua Mateus Leme, n.\u00ba 2018, T\u00e9rreo, Centro C\u00edvicoCEP: 80530-010, Curitiba, Paran\u00e1<\/td>\n<\/tr>\n<tr>\n<td colspan=\"2\"><img loading=\"lazy\" decoding=\"async\" alt=\"\" src=\"https:\/\/jusprev.org.br\/backup\/site\/images\/arquivos\/rodape_informativo.jpg\" width=\"640\" height=\"71\" \/><\/td>\n<\/tr>\n<\/tbody>\n<\/table>\n<\/td>\n<\/tr>\n<\/tbody>\n<\/table>\n","protected":false},"excerpt":{"rendered":"<p>\u00a0 Ganhos extras de final de ano podem ajudar os participantes a garantir dedu\u00e7\u00e3o de IR em 2012\u00a0\u00a0\u00a0 \u00a0 Com a chegada do final do ano, os ganhos extras recebidos&#8230;<\/p>\n","protected":false},"author":3,"featured_media":0,"comment_status":"closed","ping_status":"closed","sticky":false,"template":"","format":"standard","meta":{"footnotes":""},"categories":[32],"tags":[],"class_list":["post-6003","post","type-post","status-publish","format-standard","hentry","category-informativo"],"_links":{"self":[{"href":"https:\/\/jusprev.org.br\/backup\/wp-json\/wp\/v2\/posts\/6003","targetHints":{"allow":["GET"]}}],"collection":[{"href":"https:\/\/jusprev.org.br\/backup\/wp-json\/wp\/v2\/posts"}],"about":[{"href":"https:\/\/jusprev.org.br\/backup\/wp-json\/wp\/v2\/types\/post"}],"author":[{"embeddable":true,"href":"https:\/\/jusprev.org.br\/backup\/wp-json\/wp\/v2\/users\/3"}],"replies":[{"embeddable":true,"href":"https:\/\/jusprev.org.br\/backup\/wp-json\/wp\/v2\/comments?post=6003"}],"version-history":[{"count":0,"href":"https:\/\/jusprev.org.br\/backup\/wp-json\/wp\/v2\/posts\/6003\/revisions"}],"wp:attachment":[{"href":"https:\/\/jusprev.org.br\/backup\/wp-json\/wp\/v2\/media?parent=6003"}],"wp:term":[{"taxonomy":"category","embeddable":true,"href":"https:\/\/jusprev.org.br\/backup\/wp-json\/wp\/v2\/categories?post=6003"},{"taxonomy":"post_tag","embeddable":true,"href":"https:\/\/jusprev.org.br\/backup\/wp-json\/wp\/v2\/tags?post=6003"}],"curies":[{"name":"wp","href":"https:\/\/api.w.org\/{rel}","templated":true}]}}