{"id":6087,"date":"2012-12-18T15:15:44","date_gmt":"2012-12-18T17:15:44","guid":{"rendered":"https:\/\/jusprev.org.br\/backup\/?p=6087"},"modified":"2012-12-18T15:15:44","modified_gmt":"2012-12-18T17:15:44","slug":"comunicado-de-expediente-feriado-19-de-dezembro","status":"publish","type":"post","link":"https:\/\/jusprev.org.br\/backup\/comunicado-de-expediente-feriado-19-de-dezembro\/","title":{"rendered":"Comunicado de Expediente \u2013 Feriado 19 de dezembro"},"content":{"rendered":"<p style=\"text-align: justify;\">Informamos que no dia 19 de dezembro (quarta-feira) n\u00e3o haver\u00e1 expediente na JUSPREV, devido ao feriado estadual de Emancipa\u00e7\u00e3o Pol\u00edtica do Estado do Paran\u00e1 (Lei Municipal n\u00ba 4658, 18\/12\/62).<\/p>\n<p style=\"text-align: justify;\">As atividades ser\u00e3o normalizadas no dia 20 (quinta-feira), a partir das 8h30min.<\/p>\n<p style=\"text-align: justify;\">Havendo solicita\u00e7\u00f5es, gentileza envi\u00e1-las para o e-mail <a href=\"mailto:jusprev@jusprev.org.br\">jusprev@jusprev.org.br<\/a><\/p>\n","protected":false},"excerpt":{"rendered":"<p>Informamos que no dia 19 de dezembro (quarta-feira) n\u00e3o haver\u00e1 expediente na JUSPREV, devido ao feriado estadual de Emancipa\u00e7\u00e3o Pol\u00edtica do Estado do Paran\u00e1 (Lei Municipal n\u00ba 4658, 18\/12\/62). As&#8230;<\/p>\n","protected":false},"author":3,"featured_media":0,"comment_status":"closed","ping_status":"closed","sticky":false,"template":"","format":"standard","meta":{"footnotes":""},"categories":[31],"tags":[],"class_list":["post-6087","post","type-post","status-publish","format-standard","hentry","category-noticias"],"_links":{"self":[{"href":"https:\/\/jusprev.org.br\/backup\/wp-json\/wp\/v2\/posts\/6087","targetHints":{"allow":["GET"]}}],"collection":[{"href":"https:\/\/jusprev.org.br\/backup\/wp-json\/wp\/v2\/posts"}],"about":[{"href":"https:\/\/jusprev.org.br\/backup\/wp-json\/wp\/v2\/types\/post"}],"author":[{"embeddable":true,"href":"https:\/\/jusprev.org.br\/backup\/wp-json\/wp\/v2\/users\/3"}],"replies":[{"embeddable":true,"href":"https:\/\/jusprev.org.br\/backup\/wp-json\/wp\/v2\/comments?post=6087"}],"version-history":[{"count":0,"href":"https:\/\/jusprev.org.br\/backup\/wp-json\/wp\/v2\/posts\/6087\/revisions"}],"wp:attachment":[{"href":"https:\/\/jusprev.org.br\/backup\/wp-json\/wp\/v2\/media?parent=6087"}],"wp:term":[{"taxonomy":"category","embeddable":true,"href":"https:\/\/jusprev.org.br\/backup\/wp-json\/wp\/v2\/categories?post=6087"},{"taxonomy":"post_tag","embeddable":true,"href":"https:\/\/jusprev.org.br\/backup\/wp-json\/wp\/v2\/tags?post=6087"}],"curies":[{"name":"wp","href":"https:\/\/api.w.org\/{rel}","templated":true}]}}