{"id":6169,"date":"2012-11-05T17:34:29","date_gmt":"2012-11-05T19:34:29","guid":{"rendered":"https:\/\/jusprev.org.br\/backup\/?p=6169"},"modified":"2012-11-05T17:34:29","modified_gmt":"2012-11-05T19:34:29","slug":"informativo-no-29-outubro","status":"publish","type":"post","link":"https:\/\/jusprev.org.br\/backup\/informativo-no-29-outubro\/","title":{"rendered":"Informativo n\u00ba 29 &#8211; Outubro"},"content":{"rendered":"<table style=\"font-family: verdana, geneva, sans-serif; font-size: 11px;\" width=\"670\" border=\"2\" cellspacing=\"2\" cellpadding=\"0\" bgcolor=\"#006699\">\n<tbody>\n<tr>\n<td>\n<table width=\"640\" border=\"0\" cellspacing=\"5\" cellpadding=\"5\" bgcolor=\"#cccccc\">\n<tbody>\n<tr>\n<td colspan=\"2\">\u00a0<img loading=\"lazy\" decoding=\"async\" class=\"size-full wp-image-6172 aligncenter\" alt=\"cabealho_outubro_2012\" src=\"https:\/\/jusprev.org.br\/backup\/wp-content\/uploads\/2012\/12\/cabealho_outubro_2012.jpg\" width=\"640\" height=\"124\" \/><\/td>\n<\/tr>\n<tr>\n<td style=\"text-align: justify; border: #039 1px solid;\" align=\"justify\" valign=\"top\" bgcolor=\"#ffffff\" width=\"315\"><a href=\"https:\/\/jusprev.org.br\/backup\/?p=5598\"><\/p>\n<div style=\"background-color: #0e2e45; color: #fff; font-size: 12px; border: 0px; padding: 5px;\"><strong><span style=\"color: #ffffff;\" data-mce-mark=\"1\"><span style=\"color: #ffffff;\" data-mce-mark=\"1\">Ganhos extras de final de ano podem ajudar os participantes a garantir dedu\u00e7\u00e3o de IR em 2012<\/span>\u00a0<\/span><\/strong><\/div>\n<p>&nbsp;<\/p>\n<p><\/a><\/p>\n<p style=\"text-align: justify; padding: 5px;\" align=\"justify\">Com a chegada do final do ano, os ganhos extras recebidos como 13\u00ba sal\u00e1rio, f\u00e9rias e b\u00f4nus podem ser uma boa oportunidade para o participante da JUSPREV realizar contribui\u00e7\u00f5es adicionais e aproveitar o benef\u00edcio tribut\u00e1rio pagando menos imposto de renda.<\/p>\n<\/td>\n<td style=\"text-align: justify; border: #039 1px solid;\" align=\"justify\" valign=\"top\" bgcolor=\"#ffffff\" width=\"315\">\n<div style=\"background-color: #0e2e45; color: #fff; font-size: 12px; border: 0px; padding: 5px;\">\n<p><strong><span style=\"color: #ffffff;\"><a href=\"https:\/\/jusprev.org.br\/backup\/?p=5594\">Aderiu ao PLANJUS? Entenda um pouco mais sobre o Plano de Benef\u00edcios da JUSPREV<\/a><\/span><\/strong><\/p>\n<\/div>\n<p><a href=\"https:\/\/jusprev.org.br\/backup\/?p=5594\">\u00a0<\/a><\/p>\n<p><a href=\"https:\/\/jusprev.org.br\/backup\/?p=5594\">\u00a0<\/a>O Informa Online a partir desta edi\u00e7\u00e3o apresentar\u00e1 as principais informa\u00e7\u00f5es que devem ser de conhecimento dos participantes do Plano de Benef\u00edcios Previdenci\u00e1rios (PLANJUS). Nesta edi\u00e7\u00e3o ser\u00e3o abordados dois institutos: PORTABILIDADE e RESGATE.<\/td>\n<\/tr>\n<tr>\n<td style=\"text-align: justify; border: #039 1px solid;\" align=\"justify\" valign=\"top\" bgcolor=\"#ffffff\" width=\"315\">\n<div style=\"background-color: #0e2e45; color: #fff; font-size: 12px; border: 0px; padding: 5px;\"><\/div>\n<p><a href=\"https:\/\/jusprev.org.br\/backup\/?p=5600\"><\/p>\n<div style=\"background-color: #0e2e45; color: #fff; font-size: 12px; border: 0px; padding: 5px;\"><span style=\"color: #ffffff;\" data-mce-mark=\"1\">Diretora-presidente e gerente da JUSPREV participam da posse da nova Diretoria da APEP<\/span><\/div>\n<p><\/a>\u00a0A Diretora-presidente, Maria Tereza Uille Gomes e a Gerente da JUSPREV, Deborah Maggio participaram na \u00faltima segunda-feira (5), da solenidade de posse da nova Diretoria da Associa\u00e7\u00e3o dos Procuradores do Estado do Paran\u00e1 (APEP), na sede da entidade, em Curitiba.<\/td>\n<td style=\"text-align: justify; border: #039 1px solid;\" align=\"justify\" valign=\"top\" bgcolor=\"#ffffff\" width=\"315\">\n<div style=\"background-color: #0e2e45; color: #fff; font-size: 12px; border: 0px; padding: 5px;\"><\/div>\n<div style=\"background-color: #0e2e45; color: #fff; font-size: 12px; border: 0px; padding: 5px;\"><strong><span style=\"color: #ffffff;\" data-mce-mark=\"1\"><a href=\"https:\/\/jusprev.org.br\/backup\/?p=6008\"><span style=\"color: #ffffff;\" data-mce-mark=\"1\">Terminologia impr\u00f3pria da legisla\u00e7\u00e3o dificulta a boa decis\u00e3o judicial<\/span><\/a><\/span><\/strong><\/div>\n<div style=\"background-color: #0e2e45; color: #fff; font-size: 12px; border: 0px; padding: 5px;\"><\/div>\n<p style=\"text-align: justify; padding: 5px;\" align=\"justify\">A Revista Fundos de Pens\u00e3o publicou em sua edi\u00e7\u00e3o n\u00ba 381 de Julho\/Agosto de 2012, a mat\u00e9ria \u201cTerminologia impr\u00f3pria da legisla\u00e7\u00e3o dificulta a boa decis\u00e3o judicial\u201d, que aborda sobre os equ\u00edvocos jur\u00eddicos cometidos por desinforma\u00e7\u00e3o por parte dos operadores do direito, quanto ao sistema de previd\u00eancia privada brasileiro.<\/p>\n<\/td>\n<\/tr>\n<tr>\n<td colspan=\"2\" align=\"middle\" valign=\"top\">\n<table width=\"640\" border=\"0\" cellspacing=\"5\" cellpadding=\"5\" bgcolor=\"#cccccc\">\n<tbody>\n<tr>\n<td align=\"justify\" valign=\"top\" bgcolor=\"#ffffff\" width=\"315\"><a href=\"https:\/\/jusprev.org.br\/backup\/?p=5596\"><span style=\"color: #000080;\" data-mce-mark=\"1\"><strong>JUSPREV participa do Congresso Brasileiro dos Fundos de Pens\u00e3o<\/strong><\/span><\/a><\/p>\n<div><\/div>\n<p align=\"justify\">O conselheiro deliberativo da JUSPREV, Sandro Loureiro Marones, o presidente do Comit\u00ea de Investimentos da entidade, Paulo Roberto Vasconcelos e o membro do Comit\u00ea, Jos\u00e9 Roberto Galv\u00e3o Leite, representaram a JUSPREV no 33\u00ba Congresso Brasileiro dos Fundos de Pens\u00e3o, realizado nos dias 24, 25 e 26 de outubro em S\u00e3o Paulo.<\/p>\n<\/td>\n<td align=\"justify\" valign=\"top\" bgcolor=\"#ffffff\" width=\"315\">\n<div style=\"text-align: justify;\">\n<p><strong><span style=\"color: #000080;\" data-mce-mark=\"1\">Novo conv\u00eanio para desconto em folha<\/span><\/strong><\/p>\n<\/div>\n<div style=\"text-align: justify;\"><\/div>\n<p style=\"text-align: justify;\">Os participantes da Associa\u00e7\u00e3o Sergipana do Minist\u00e9rio P\u00fablico (ASMP) j\u00e1 podem contar com a comodidade da op\u00e7\u00e3o de pagamento DESCONTO EM FOLHA.<\/p>\n<p style=\"text-align: justify;\">Para alterar sua forma de pagamento, envie um e-mail para jusprev@jusprev.org.br<\/p>\n<\/td>\n<\/tr>\n<tr>\n<td colspan=\"2\" align=\"middle\" valign=\"top\"><\/td>\n<\/tr>\n<\/tbody>\n<\/table>\n<table width=\"640\" border=\"0\" cellspacing=\"5\" cellpadding=\"5\" bgcolor=\"#cccccc\">\n<tbody>\n<tr>\n<td align=\"justify\" valign=\"top\" bgcolor=\"#ffffff\" width=\"315\"><span style=\"color: #0000ff;\" data-mce-mark=\"1\"><img loading=\"lazy\" decoding=\"async\" class=\"wp-image-6170 alignleft\" alt=\"banner_aporte(1)\" src=\"https:\/\/jusprev.org.br\/backup\/wp-content\/uploads\/2012\/12\/banner_aporte1.jpg\" width=\"304\" height=\"240\" \/><\/span><\/td>\n<td align=\"justify\" valign=\"top\" bgcolor=\"#ffffff\" width=\"315\">\u00a0<img loading=\"lazy\" decoding=\"async\" class=\"wp-image-6171 alignright\" alt=\"banner_campanha_para_informativo1\" src=\"https:\/\/jusprev.org.br\/backup\/wp-content\/uploads\/2012\/12\/banner_campanha_para_informativo1.jpg\" width=\"286\" height=\"239\" \/><\/td>\n<\/tr>\n<\/tbody>\n<\/table>\n<p>&nbsp;<\/p>\n<p style=\"text-align: center;\"><a style=\"line-height: 18px; font-size: 16px;\" href=\"https:\/\/jusprev.org.br\/backup\/wp-content\/uploads\/2012\/09\/rede-de-prote\u00e7\u00e3o.jpg\"><span style=\"font-size: small;\" data-mce-mark=\"1\"><img loading=\"lazy\" decoding=\"async\" class=\" wp-image-6215 aligncenter\" alt=\"rede de prote\u00e7\u00e3o\" src=\"https:\/\/jusprev.org.br\/backup\/wp-content\/uploads\/2012\/09\/rede-de-prote\u00e7\u00e3o.jpg\" width=\"587\" height=\"49\" \/><\/span><\/a><\/p>\n<p style=\"text-align: center;\">\u00a0Curta a p\u00e1gina da JUSPREV no Facebook,\u00a0<a style=\"font-family: verdana, geneva, sans-serif;\" href=\"http:\/\/jusprevpr.emktsender.net\/registra_clique.php?id=TH|teste|140969|6270&amp;url=http%3A%2F%2Fwww.facebook.com%2Fpages%2FJUSPREV%2F109339339167630%3Fref%3Dhl\">ACESSE AQUI<\/a><\/p>\n<p style=\"text-align: center;\"><a href=\"https:\/\/jusprev.org.br\/backup\/?page_id=5092\">FA\u00c7A UMA SIMULA\u00c7\u00c3O<\/a><\/p>\n<p style=\"text-align: center;\">Rua Mateus Leme, n.\u00ba 2018, T\u00e9rreo, Centro C\u00edvico &#8211; CEP: 80530-010, Curitiba, Paran\u00e1<\/p>\n<\/td>\n<\/tr>\n<tr>\n<td style=\"text-align: center; color: #fff; font-size: 16px; border: 0px; padding: 5px;\" colspan=\"2\" align=\"middle\" bgcolor=\"#0e2e45\"><img loading=\"lazy\" decoding=\"async\" class=\"size-full wp-image-5879\" alt=\"rodape_informativo\" src=\"https:\/\/jusprev.org.br\/backup\/wp-content\/uploads\/2012\/12\/rodape_informativo.jpg\" width=\"640\" height=\"71\" \/><\/td>\n<\/tr>\n<\/tbody>\n<\/table>\n<\/td>\n<\/tr>\n<\/tbody>\n<\/table>\n<p>&nbsp;<\/p>\n","protected":false},"excerpt":{"rendered":"<p>\u00a0 Ganhos extras de final de ano podem ajudar os participantes a garantir dedu\u00e7\u00e3o de IR em 2012\u00a0 &nbsp; Com a chegada do final do ano, os ganhos extras recebidos&#8230;<\/p>\n","protected":false},"author":3,"featured_media":0,"comment_status":"closed","ping_status":"closed","sticky":false,"template":"","format":"standard","meta":{"footnotes":""},"categories":[32],"tags":[],"class_list":["post-6169","post","type-post","status-publish","format-standard","hentry","category-informativo"],"_links":{"self":[{"href":"https:\/\/jusprev.org.br\/backup\/wp-json\/wp\/v2\/posts\/6169","targetHints":{"allow":["GET"]}}],"collection":[{"href":"https:\/\/jusprev.org.br\/backup\/wp-json\/wp\/v2\/posts"}],"about":[{"href":"https:\/\/jusprev.org.br\/backup\/wp-json\/wp\/v2\/types\/post"}],"author":[{"embeddable":true,"href":"https:\/\/jusprev.org.br\/backup\/wp-json\/wp\/v2\/users\/3"}],"replies":[{"embeddable":true,"href":"https:\/\/jusprev.org.br\/backup\/wp-json\/wp\/v2\/comments?post=6169"}],"version-history":[{"count":0,"href":"https:\/\/jusprev.org.br\/backup\/wp-json\/wp\/v2\/posts\/6169\/revisions"}],"wp:attachment":[{"href":"https:\/\/jusprev.org.br\/backup\/wp-json\/wp\/v2\/media?parent=6169"}],"wp:term":[{"taxonomy":"category","embeddable":true,"href":"https:\/\/jusprev.org.br\/backup\/wp-json\/wp\/v2\/categories?post=6169"},{"taxonomy":"post_tag","embeddable":true,"href":"https:\/\/jusprev.org.br\/backup\/wp-json\/wp\/v2\/tags?post=6169"}],"curies":[{"name":"wp","href":"https:\/\/api.w.org\/{rel}","templated":true}]}}