{"id":6189,"date":"2012-10-02T16:39:03","date_gmt":"2012-10-02T19:39:03","guid":{"rendered":"https:\/\/jusprev.org.br\/backup\/?p=6189"},"modified":"2012-10-02T16:39:03","modified_gmt":"2012-10-02T19:39:03","slug":"6189-2","status":"publish","type":"post","link":"https:\/\/jusprev.org.br\/backup\/6189-2\/","title":{"rendered":"Informativo n\u00ba 28 &#8211; Setembro de 2012"},"content":{"rendered":"<table style=\"font-family: verdana, geneva, sans-serif; font-size: 11px;\" width=\"670\" border=\"2\" cellspacing=\"2\" cellpadding=\"0\" bgcolor=\"#006699\">\n<tbody>\n<tr>\n<td>\n<table width=\"640\" border=\"0\" cellspacing=\"5\" cellpadding=\"5\" bgcolor=\"#cccccc\">\n<tbody>\n<tr>\n<td colspan=\"2\">\u00a0<img loading=\"lazy\" decoding=\"async\" class=\"alignleft size-full wp-image-6191\" alt=\"SETEMBRO\" src=\"https:\/\/jusprev.org.br\/backup\/wp-content\/uploads\/2012\/12\/SETEMBRO.jpg\" width=\"640\" height=\"124\" \/><\/td>\n<\/tr>\n<tr>\n<td style=\"text-align: justify; border: #039 1px solid;\" align=\"justify\" valign=\"top\" bgcolor=\"#ffffff\" width=\"315\">\n<div style=\"background-color: #0e2e45; color: #fff; font-size: 12px; border: 0px; padding: 5px;\"><\/div>\n<div style=\"background-color: #0e2e45; color: #fff; font-size: 12px; border: 0px; padding: 5px;\"><strong><span style=\"color: #ffffff;\" data-mce-mark=\"1\"><a style=\"font-family: verdana, geneva, sans-serif;\" href=\"https:\/\/jusprev.org.br\/backup\/?p=6200\"><span style=\"color: #ffffff;\" data-mce-mark=\"1\">\u00d3rg\u00e3os Colegiados da Colegiados da JUSPREV se re\u00fanem<\/span><\/a><\/span><\/strong><\/div>\n<div style=\"background-color: #0e2e45; color: #fff; font-size: 12px; border: 0px; padding: 5px;\"><\/div>\n<p style=\"text-align: justify; padding: 5px;\" align=\"justify\">A JUSPREV realizou na sexta-feira (28) no Arena Copacabana Hotel, no Rio de Janeiro, a Reuni\u00e3o dos seus \u00d3rg\u00e3os Colegiados. Estiveram presentes membros da Diretoria Executiva, do Conselho Deliberativo, do Conselho Fiscal, do Col\u00e9gio de Instituidoras e do Comit\u00ea de Investimentos.Dentre os assuntos tratados estavam, propostas para adequa\u00e7\u00e3o do Estatuto da JUSPREV, as recomenda\u00e7\u00f5es da Superintend\u00eancia Nacional de Previd\u00eancia Complementar (PREVIC), que recentemente realizou auditoria fiscal na entidade e a revis\u00e3o da meta atuarial do Plano de Benef\u00edcios Previdenci\u00e1rios (PLANJUS).<\/p>\n<\/td>\n<td style=\"text-align: justify; border: #039 1px solid;\" align=\"justify\" valign=\"top\" bgcolor=\"#ffffff\" width=\"315\">\n<div style=\"background-color: #0e2e45; color: #fff; font-size: 12px; border: 0px; padding: 5px;\">\n<p><span style=\"color: #ffffff;\" data-mce-mark=\"1\"><strong><a href=\"https:\/\/jusprev.org.br\/backup\/?p=6198 \" target=\"_blank\"><span style=\"color: #ffffff;\" data-mce-mark=\"1\">Esclarecimentos sobre a indica\u00e7\u00e3o de pend\u00eancias na Declara\u00e7\u00e3o de Ajuste Anual do Imposto de Renda 2012-2011<\/span><\/a><\/strong><\/span><\/p>\n<\/div>\n<p style=\"text-align: justify; padding: 5px;\" align=\"justify\">Publicamos em seguida Nota Conjunta da Abrapp, Previc e SPPC a respeito das tratativas em curso para resolver a quest\u00e3o da reten\u00e7\u00e3o, pela Receita, de declara\u00e7\u00f5es anuais de ajuste de participantes de planos: \u201cNo intuito de manter os dirigentes de EFPCs esclarecidos sobre uma quest\u00e3o que sabemos preocup\u00e1-los, vimos em conjunto informar que, fruto do empenho da ABRAPP\/PREVIC\/SPPC no sentido de bem resolver a situa\u00e7\u00e3o, um novo encontro de trabalho nos reuniu na \u00faltima quinta-feira (20\/9) com as equipes da Coordenadoria de Fiscaliza\u00e7\u00e3o da Receita e da Malha Fiscal Nacional.<\/p>\n<\/td>\n<\/tr>\n<tr>\n<td style=\"text-align: justify; border: #039 1px solid;\" align=\"justify\" valign=\"top\" bgcolor=\"#ffffff\" width=\"315\">\n<div style=\"background-color: #0e2e45; color: #fff; font-size: 12px; border: 0px; padding: 5px;\"><a href=\"https:\/\/jusprev.org.br\/backup\/?p=6194\">\u00a0<\/a><\/div>\n<div style=\"background-color: #0e2e45; color: #fff; font-size: 12px; border: 0px; padding: 5px;\"><a href=\"https:\/\/jusprev.org.br\/backup\/?p=6194\">Gera\u00e7\u00e3o X se aposentar\u00e1 com muitas d\u00edvidas<\/a><\/div>\n<div style=\"background-color: #0e2e45; color: #fff; font-size: 12px; border: 0px; padding: 5px;\"><a href=\"https:\/\/jusprev.org.br\/backup\/?p=6194\">\u00a0<\/a><\/div>\n<p>A gera\u00e7\u00e3o X n\u00e3o est\u00e1 economizando o suficiente para a aposentadoria porque gasta muito em d\u00edvidas de hipotecas e carrega essas e outras d\u00edvidas para os anos pr\u00f3ximos \u00e0 aposentadoria, de acordo com novo estudo do National Center for Policy Analysis (NCPA). &#8220;Infelizmente, uma maior porcentagem de pr\u00e9-aposentados arrastar\u00e1 d\u00edvidas de hipoteca para os anos de aposentadoria?, diz a associada s\u00eanior do National Center for Policy Analysis (NCPA), Pam Villarreal.<\/td>\n<td style=\"text-align: justify; border: #039 1px solid;\" align=\"justify\" valign=\"top\" bgcolor=\"#ffffff\" width=\"315\">\n<div style=\"background-color: #0e2e45; color: #fff; font-size: 12px; border: 0px; padding: 5px;\"><a href=\"https:\/\/jusprev.org.br\/backup\/?p=6196\">\u00a0<\/a><\/div>\n<div style=\"background-color: #0e2e45; color: #fff; font-size: 12px; border: 0px; padding: 5px;\"><a href=\"https:\/\/jusprev.org.br\/backup\/?p=6196\">Enquete da JUSPREV auxiliar\u00e1 planejamento de comunica\u00e7\u00e3o para 2013<\/a><\/div>\n<div style=\"background-color: #0e2e45; color: #fff; font-size: 12px; border: 0px; padding: 5px;\"><a href=\"https:\/\/jusprev.org.br\/backup\/?p=6196\">\u00a0<\/a><\/div>\n<p>Em menos de dois meses cerca de 150 pessoas j\u00e1 responderam a enquete da JUSPREV. O objetivo da pesquisa \u00e9 avaliar o n\u00edvel de conhecimento dos associados das 55 Associa\u00e7\u00f5es Instituidoras com rela\u00e7\u00e3o aos benef\u00edcios oferecidos pela JUSPREV, bem como, mensurar a efetividade e prefer\u00eancia pelos canais de comunica\u00e7\u00e3o da Entidade. A enquete auxiliar\u00e1 no planejamento estrat\u00e9gico de comunica\u00e7\u00e3o para o ano de 2013.<\/td>\n<\/tr>\n<tr>\n<td colspan=\"2\" align=\"middle\" valign=\"top\"><a style=\"line-height: 18px; font-size: 16px;\" href=\"https:\/\/jusprev.org.br\/backup\/wp-content\/uploads\/2012\/09\/rede-de-prote\u00e7\u00e3o.jpg\"><span style=\"font-size: small;\" data-mce-mark=\"1\"><img loading=\"lazy\" decoding=\"async\" class=\" wp-image-6215 aligncenter\" alt=\"rede de prote\u00e7\u00e3o\" src=\"https:\/\/jusprev.org.br\/backup\/wp-content\/uploads\/2012\/09\/rede-de-prote\u00e7\u00e3o.jpg\" width=\"587\" height=\"49\" \/><\/span><\/a><\/p>\n<p style=\"text-align: center;\">\u00a0Curta a p\u00e1gina da JUSPREV no Facebook,\u00a0<a style=\"font-family: verdana, geneva, sans-serif;\" href=\"http:\/\/jusprevpr.emktsender.net\/registra_clique.php?id=TH|teste|140969|6270&amp;url=http%3A%2F%2Fwww.facebook.com%2Fpages%2FJUSPREV%2F109339339167630%3Fref%3Dhl\">ACESSE AQUI<\/a><\/p>\n<p style=\"text-align: center;\"><a href=\"https:\/\/jusprev.org.br\/backup\/?page_id=5092\">FA\u00c7A UMA SIMULA\u00c7\u00c3O<\/a><\/p>\n<p style=\"text-align: center;\">Rua Mateus Leme, n.\u00ba 2018, T\u00e9rreo, Centro C\u00edvico &#8211; CEP: 80530-010, Curitiba, Paran\u00e1<\/p>\n<\/td>\n<\/tr>\n<tr>\n<td style=\"text-align: center; color: #fff; font-size: 16px; border: 0px; padding: 5px;\" colspan=\"2\" align=\"middle\" bgcolor=\"#0e2e45\"><img loading=\"lazy\" decoding=\"async\" class=\"size-full wp-image-5879\" alt=\"rodape_informativo\" src=\"https:\/\/jusprev.org.br\/backup\/wp-content\/uploads\/2012\/12\/rodape_informativo.jpg\" width=\"640\" height=\"71\" \/><\/td>\n<\/tr>\n<\/tbody>\n<\/table>\n<\/td>\n<\/tr>\n<\/tbody>\n<\/table>\n<p>&nbsp;<\/p>\n","protected":false},"excerpt":{"rendered":"<p>\u00a0 \u00d3rg\u00e3os Colegiados da Colegiados da JUSPREV se re\u00fanem A JUSPREV realizou na sexta-feira (28) no Arena Copacabana Hotel, no Rio de Janeiro, a Reuni\u00e3o dos seus \u00d3rg\u00e3os Colegiados. Estiveram&#8230;<\/p>\n","protected":false},"author":3,"featured_media":0,"comment_status":"closed","ping_status":"closed","sticky":false,"template":"","format":"standard","meta":{"footnotes":""},"categories":[32],"tags":[],"class_list":["post-6189","post","type-post","status-publish","format-standard","hentry","category-informativo"],"_links":{"self":[{"href":"https:\/\/jusprev.org.br\/backup\/wp-json\/wp\/v2\/posts\/6189","targetHints":{"allow":["GET"]}}],"collection":[{"href":"https:\/\/jusprev.org.br\/backup\/wp-json\/wp\/v2\/posts"}],"about":[{"href":"https:\/\/jusprev.org.br\/backup\/wp-json\/wp\/v2\/types\/post"}],"author":[{"embeddable":true,"href":"https:\/\/jusprev.org.br\/backup\/wp-json\/wp\/v2\/users\/3"}],"replies":[{"embeddable":true,"href":"https:\/\/jusprev.org.br\/backup\/wp-json\/wp\/v2\/comments?post=6189"}],"version-history":[{"count":0,"href":"https:\/\/jusprev.org.br\/backup\/wp-json\/wp\/v2\/posts\/6189\/revisions"}],"wp:attachment":[{"href":"https:\/\/jusprev.org.br\/backup\/wp-json\/wp\/v2\/media?parent=6189"}],"wp:term":[{"taxonomy":"category","embeddable":true,"href":"https:\/\/jusprev.org.br\/backup\/wp-json\/wp\/v2\/categories?post=6189"},{"taxonomy":"post_tag","embeddable":true,"href":"https:\/\/jusprev.org.br\/backup\/wp-json\/wp\/v2\/tags?post=6189"}],"curies":[{"name":"wp","href":"https:\/\/api.w.org\/{rel}","templated":true}]}}