{"id":6207,"date":"2012-09-06T17:02:57","date_gmt":"2012-09-06T20:02:57","guid":{"rendered":"https:\/\/jusprev.org.br\/backup\/?p=6207"},"modified":"2012-09-06T17:02:57","modified_gmt":"2012-09-06T20:02:57","slug":"6207-2","status":"publish","type":"post","link":"https:\/\/jusprev.org.br\/backup\/6207-2\/","title":{"rendered":"Informativo n\u00ba 27 &#8211; Agosto"},"content":{"rendered":"<table style=\"font-family: verdana, geneva, sans-serif; font-size: 11px;\" width=\"670\" border=\"2\" cellspacing=\"2\" cellpadding=\"0\" bgcolor=\"#006699\">\n<tbody>\n<tr>\n<td>\n<table width=\"640\" border=\"0\" cellspacing=\"5\" cellpadding=\"5\" bgcolor=\"#cccccc\">\n<tbody>\n<tr>\n<td colspan=\"2\">\u00a0<img loading=\"lazy\" decoding=\"async\" class=\"size-full wp-image-6211 aligncenter\" alt=\"cabecalho_agosto\" src=\"https:\/\/jusprev.org.br\/backup\/wp-content\/uploads\/2012\/12\/cabecalho_agosto.jpg\" width=\"640\" height=\"124\" \/><\/td>\n<\/tr>\n<tr>\n<td style=\"text-align: justify; border: #039 1px solid;\" align=\"justify\" valign=\"top\" bgcolor=\"#ffffff\" width=\"315\">\n<div style=\"background-color: #0e2e45; color: #fff; font-size: 12px; border: 0px; padding: 5px;\"><\/div>\n<div style=\"background-color: #0e2e45; color: #fff; font-size: 12px; border: 0px; padding: 5px;\"><strong><span style=\"color: #ffffff;\" data-mce-mark=\"1\"><a href=\"https:\/\/jusprev.org.br\/backup\/?p=6208 \"><span style=\"color: #ffffff;\">JUSPREV realiza enquete com os associados das suas 55 Instituidoras<\/span><\/a><\/span><\/strong><\/div>\n<div style=\"background-color: #0e2e45; color: #fff; font-size: 12px; border: 0px; padding: 5px;\"><\/div>\n<p style=\"text-align: justify; padding: 5px;\" align=\"justify\">A JUSPREV est\u00e1 realizando enquete com o objetivo de avaliar o n\u00edvel de conhecimento dos associados das 55 Associa\u00e7\u00f5es Instituidoras com rela\u00e7\u00e3o aos benef\u00edcios oferecidos pela JUSPREV, bem como, mensurar a efetividade e prefer\u00eancia pelos canais de comunica\u00e7\u00e3o da Entidade. A enquete cont\u00e9m oito quest\u00f5es objetivas e de m\u00faltipla escolha, sendo de r\u00e1pido e f\u00e1cil preenchimento. Seus resultados n\u00e3o ser\u00e3o divulgados publicamente, sendo exclusivamente para uso interno da JUSPREV. Os associados poder\u00e3o tamb\u00e9m optar pelo agendamento de visita com um consultor previdenci\u00e1rio.<\/p>\n<\/td>\n<td style=\"text-align: justify; border: #039 1px solid;\" align=\"justify\" valign=\"top\" bgcolor=\"#ffffff\" width=\"315\">\n<div style=\"background-color: #0e2e45; color: #fff; font-size: 12px; border: 0px; padding: 5px;\">\n<p><strong><span style=\"color: #ffffff;\" data-mce-mark=\"1\"><a href=\"https:\/\/jusprev.org.br\/backup\/?p=6198\"><span style=\"color: #ffffff;\">Esclarecimentos sobre a indica\u00e7\u00e3o de pend\u00eancias na Declara\u00e7\u00e3o de Ajuste Anual do Imposto de Renda 2012-2011<\/span><\/a><\/span><\/strong><\/p>\n<\/div>\n<p style=\"text-align: justify; padding: 5px;\" align=\"justify\">Em maio deste ano, a JUSPREV foi procurada por alguns participantes que relataram a exist\u00eancia de pend\u00eancias em suas Declara\u00e7\u00f5es de Imposto de Renda Pessoa F\u00edsica 2012-2011, supostamente relacionadas \u00e0s suas contribui\u00e7\u00f5es para a Previd\u00eancia Privada. Ocorre que, no inicio deste m\u00eas, alguns participantes voltaram a procurar a JUSPREV narrando os mesmos problemas que aconteceram em maio, solicitando provid\u00eancias da Entidade, no que prontamente foram atendidos, com a expedi\u00e7\u00e3o de novo of\u00edcio, de novo requerimento de interven\u00e7\u00e3o da ABRAPP e de v\u00e1rios outros contatos buscando a elucida\u00e7\u00e3o da quest\u00e3o em tela.<\/p>\n<\/td>\n<\/tr>\n<tr>\n<td style=\"text-align: justify; border: #039 1px solid;\" align=\"justify\" valign=\"top\" bgcolor=\"#ffffff\" width=\"315\">\n<div style=\"background-color: #0e2e45; color: #fff; font-size: 12px; border: 0px; padding: 5px;\"><span style=\"color: #ffffff;\"><strong style=\"font-family: verdana, geneva, sans-serif;\"><a href=\"https:\/\/jusprev.org.br\/backup\/?p=3860\"><span style=\"color: #ffffff;\">JUSPREV firma novo conv\u00eanio para desconto em folha e beneficia participantes associados da AMAGES<\/span><\/a><\/strong><\/span><\/div>\n<p>Os participantes da Associa\u00e7\u00e3o dos Magistrados do Espirito Santo (AMAGES) podem contar com mais comodidade no pagamento de suas contribui\u00e7\u00f5es ao PLANJUS com a parceria firmada para desconto em folha. Outras 11 Associa\u00e7\u00f5es Instituidoras j\u00e1 possuem conv\u00eanios para desconto em folha de pagamento. Os participantes que preferirem tamb\u00e9m podem fazer o pagamento de suas contribui\u00e7\u00f5es atrav\u00e9s de d\u00e9bito em conta corrente, atrav\u00e9s de seis bancos conveniados: Banco do Brasil, Caixa Econ\u00f4mica Federal, Santander, Bancoob, Ita\u00fa e Sicredi.<\/td>\n<td style=\"text-align: justify; border: #039 1px solid;\" align=\"justify\" valign=\"top\" bgcolor=\"#ffffff\" width=\"315\">\n<div style=\"background-color: #0e2e45; color: #fff; font-size: 12px; border: 0px; padding: 5px;\"><span style=\"color: #ffffff;\">JUSPREV agora est\u00e1 no Facebook<\/span><\/div>\n<div style=\"background-color: #0e2e45; color: #fff; font-size: 12px; border: 0px; padding: 5px;\"><\/div>\n<p>A JUSPREV abriu um novo canal de comunica\u00e7\u00e3o com seu p\u00fablico e agora est\u00e1 presente tamb\u00e9m na rede social Facebook com o objetivo de informar e interagir com seus participantes, associa\u00e7\u00f5es instituidoras, parceiros, entre outros. Na p\u00e1gina da JUSPREV no Facebook o internauta encontrar\u00e1 mat\u00e9rias e artigos sobre previd\u00eancia complementar, educa\u00e7\u00e3o financeira e previdenci\u00e1ria, aposentadoria, podendo tamb\u00e9m colaborar com informa\u00e7\u00f5es, dar sua opini\u00e3o, sugest\u00f5es, fazer perguntas, em um canal totalmente interativo.<\/p>\n<p>Para acompanhar a p\u00e1gina da JUSPREV no Facebook,<a href=\"http:\/\/jusprevpr.emktsender.net\/registra_clique.php?id=TH|teste|140969|6270&amp;url=http%3A%2F%2Fwww.facebook.com%2Fpages%2FJUSPREV%2F109339339167630%3Fref%3Dhl\"> ACESSE AQUI<\/a> e clique no bot\u00e3o &#8220;curtir&#8221;<\/td>\n<\/tr>\n<tr>\n<td colspan=\"2\" align=\"middle\" valign=\"top\">\n<table style=\"text-align: start;\" width=\"640\" border=\"0\" cellspacing=\"5\" cellpadding=\"5\" bgcolor=\"#cccccc\">\n<tbody>\n<tr>\n<td style=\"border-style: solid; border-color: #003399; text-align: center;\" align=\"justify\" valign=\"top\" bgcolor=\"#ffffff\" width=\"315\"><strong><span style=\"color: #000080;\"><a href=\"https:\/\/jusprev.org.br\/backup\/?p=3855\"><span style=\"line-height: 18px; color: #000080;\"><span style=\"font-size: small;\">Anfip recebe JUSPREV para in\u00edcio do planejamento de implementa\u00e7\u00e3o<\/span><\/span><\/a><\/span><\/strong><\/p>\n<p style=\"text-align: justify;\"><span style=\"font-size: small;\"><span style=\"line-height: 18px;\">Conselheiros da ANFIP receberam no dia 23 de agosto a gerente Deborah Traldi Maggio, da JUSPREV (Previd\u00eancia Associativa do Minist\u00e9rio P\u00fablico e da Justi\u00e7a Brasileira), para dar in\u00edcio ao mapeamento de implementa\u00e7\u00e3o do plano de previd\u00eancia associativa que a ANFIP oferecer\u00e1 aos associados e dependentes. Trata-se de mais um benef\u00edcio que a Entidade prepara pensando no futuro de seus associados.<br \/>\n<\/span><\/span><\/p>\n<\/td>\n<\/tr>\n<tr>\n<td colspan=\"2\" align=\"center\" valign=\"top\"><\/td>\n<\/tr>\n<\/tbody>\n<\/table>\n<table style=\"text-align: start;\" width=\"640\" border=\"0\" cellspacing=\"5\" cellpadding=\"5\" bgcolor=\"#cccccc\">\n<tbody>\n<tr>\n<td colspan=\"2\" align=\"center\" valign=\"top\"><span style=\"font-size: small;\"><span style=\"line-height: 18px;\"><img loading=\"lazy\" decoding=\"async\" class=\" wp-image-6215 aligncenter\" alt=\"rede de prote\u00e7\u00e3o\" src=\"https:\/\/jusprev.org.br\/backup\/wp-content\/uploads\/2012\/09\/rede-de-prote\u00e7\u00e3o.jpg\" width=\"587\" height=\"49\" \/>\u00a0<\/span><\/span><\/td>\n<\/tr>\n<\/tbody>\n<\/table>\n<p style=\"text-align: center;\">\u00a0Curta a p\u00e1gina da JUSPREV no Facebook,\u00a0<a style=\"font-family: verdana, geneva, sans-serif;\" href=\"http:\/\/jusprevpr.emktsender.net\/registra_clique.php?id=TH|teste|140969|6270&amp;url=http%3A%2F%2Fwww.facebook.com%2Fpages%2FJUSPREV%2F109339339167630%3Fref%3Dhl\">ACESSE AQUI<\/a><\/p>\n<p style=\"text-align: center;\"><a href=\"https:\/\/jusprev.org.br\/backup\/?page_id=5092\">FA\u00c7A UMA SIMULA\u00c7\u00c3O<\/a><\/p>\n<p style=\"text-align: center;\">Rua Mateus Leme, n.\u00ba 2018, T\u00e9rreo, Centro C\u00edvico &#8211; CEP: 80530-010, Curitiba, Paran\u00e1<\/p>\n<\/td>\n<\/tr>\n<tr>\n<td style=\"text-align: center; color: #fff; font-size: 16px; border: 0px; padding: 5px;\" colspan=\"2\" align=\"middle\" bgcolor=\"#0e2e45\"><img loading=\"lazy\" decoding=\"async\" class=\"size-full wp-image-5879\" alt=\"rodape_informativo\" src=\"https:\/\/jusprev.org.br\/backup\/wp-content\/uploads\/2012\/12\/rodape_informativo.jpg\" width=\"640\" height=\"71\" \/><\/td>\n<\/tr>\n<\/tbody>\n<\/table>\n<\/td>\n<\/tr>\n<\/tbody>\n<\/table>\n<p>&nbsp;<\/p>\n<p>&nbsp;<\/p>\n","protected":false},"excerpt":{"rendered":"<p>\u00a0 JUSPREV realiza enquete com os associados das suas 55 Instituidoras A JUSPREV est\u00e1 realizando enquete com o objetivo de avaliar o n\u00edvel de conhecimento dos associados das 55 Associa\u00e7\u00f5es&#8230;<\/p>\n","protected":false},"author":3,"featured_media":0,"comment_status":"closed","ping_status":"closed","sticky":false,"template":"","format":"standard","meta":{"footnotes":""},"categories":[32],"tags":[],"class_list":["post-6207","post","type-post","status-publish","format-standard","hentry","category-informativo"],"_links":{"self":[{"href":"https:\/\/jusprev.org.br\/backup\/wp-json\/wp\/v2\/posts\/6207","targetHints":{"allow":["GET"]}}],"collection":[{"href":"https:\/\/jusprev.org.br\/backup\/wp-json\/wp\/v2\/posts"}],"about":[{"href":"https:\/\/jusprev.org.br\/backup\/wp-json\/wp\/v2\/types\/post"}],"author":[{"embeddable":true,"href":"https:\/\/jusprev.org.br\/backup\/wp-json\/wp\/v2\/users\/3"}],"replies":[{"embeddable":true,"href":"https:\/\/jusprev.org.br\/backup\/wp-json\/wp\/v2\/comments?post=6207"}],"version-history":[{"count":0,"href":"https:\/\/jusprev.org.br\/backup\/wp-json\/wp\/v2\/posts\/6207\/revisions"}],"wp:attachment":[{"href":"https:\/\/jusprev.org.br\/backup\/wp-json\/wp\/v2\/media?parent=6207"}],"wp:term":[{"taxonomy":"category","embeddable":true,"href":"https:\/\/jusprev.org.br\/backup\/wp-json\/wp\/v2\/categories?post=6207"},{"taxonomy":"post_tag","embeddable":true,"href":"https:\/\/jusprev.org.br\/backup\/wp-json\/wp\/v2\/tags?post=6207"}],"curies":[{"name":"wp","href":"https:\/\/api.w.org\/{rel}","templated":true}]}}