{"id":6363,"date":"2012-12-28T16:13:34","date_gmt":"2012-12-28T18:13:34","guid":{"rendered":"https:\/\/jusprev.org.br\/backup\/?p=6363"},"modified":"2012-12-28T16:13:34","modified_gmt":"2012-12-28T18:13:34","slug":"informativo-no-30-dezembro-de-2012","status":"publish","type":"post","link":"https:\/\/jusprev.org.br\/backup\/informativo-no-30-dezembro-de-2012\/","title":{"rendered":"Informativo n\u00ba 31 &#8211; Dezembro de 2012"},"content":{"rendered":"<p>&nbsp;<\/p>\n<p>&nbsp;<\/p>\n<table style=\"font-family: verdana, geneva, sans-serif; font-size: 11px;\" width=\"670\" border=\"2\" cellspacing=\"2\" cellpadding=\"0\" bgcolor=\"#006699\">\n<tbody>\n<tr>\n<td>\n<table width=\"640\" border=\"0\" cellspacing=\"5\" cellpadding=\"5\" bgcolor=\"#cccccc\">\n<tbody>\n<tr>\n<td colspan=\"2\">\u00a0<a href=\"https:\/\/jusprev.org.br\/backup\/wp-content\/uploads\/2012\/12\/Cabe\u00e7alho-Dezembro1.jpg\"><img loading=\"lazy\" decoding=\"async\" class=\"wp-image-6380 aligncenter\" alt=\"Cabe\u00e7alho Dezembro\" src=\"https:\/\/jusprev.org.br\/backup\/wp-content\/uploads\/2012\/12\/Cabe\u00e7alho-Dezembro1.jpg\" width=\"710\" height=\"154\" \/><\/a><a style=\"line-height: 18px; font-size: 13px;\" href=\"https:\/\/jusprev.org.br\/backup\/wp-content\/uploads\/2012\/12\/Cabe\u00e7alho-Dezembro.jpg\"><br \/>\n<\/a><\/td>\n<\/tr>\n<tr>\n<td style=\"text-align: justify; border: #039 1px solid;\" align=\"justify\" valign=\"top\" bgcolor=\"#ffffff\" width=\"315\"><a href=\"https:\/\/jusprev.org.br\/backup\/?p=6092\"><\/p>\n<div style=\"background-color: #0e2e45; color: #fff; font-size: 12px; border: 0px; padding: 5px;\">\u00d3rg\u00e3os Colegiados da JUSPREV se re\u00fanem em Foz do Igua\u00e7u<\/div>\n<p>&nbsp;<\/p>\n<p><\/a>Os \u00d3rg\u00e3os Colegiados da JUSPREV realizaram nos dias 13 e 14 de dezembro, as \u00faltimas reuni\u00f5es do ano de 2012. As reuni\u00f5es foram realizadas no Mabu Hot\u00e9is e Resorts, em Foz do Igua\u00e7u, e na ocasi\u00e3o, um jantar celebrou o anivers\u00e1rio de cinco anos da entidade.<\/p>\n<p style=\"text-align: justify; padding: 5px;\" align=\"justify\">Na quinta-feira (13), os conselheiros fiscais aprovaram as contas da entidade, relativas aos meses de julho a novembro de 2012, bem como, aprovaram o Relat\u00f3rio de Manifesta\u00e7\u00e3o referente ao 1\u00ba Semestre de 201<\/p>\n<\/td>\n<td style=\"text-align: justify; border: #039 1px solid;\" align=\"justify\" valign=\"top\" bgcolor=\"#ffffff\" width=\"315\">\n<div style=\"background-color: #0e2e45; color: #fff; font-size: 12px; border: 0px; padding: 5px;\">\n<p align=\"center\"><span style=\"color: #ffffff;\" data-mce-mark=\"1\"><a href=\"https:\/\/jusprev.org.br\/backup\/?p=6179\"><span style=\"color: #ffffff;\" data-mce-mark=\"1\">Prazo final da Campanha \u201cDeixe a JUSPREV com a sua imagem\u201d \u00e9 prorrogado<\/span><\/a><\/span><\/p>\n<\/div>\n<p>Os participantes da JUSPREV ter\u00e3o mais tempo para participar da Campanha \u201cDeixe a JUSPREV com a sua imagem\u201d e concorrer a um IPAD, devido \u00e0 prorroga\u00e7\u00e3o do prazo final, para o dia 28 de fevereiro.A Campanha que \u00e9 uma iniciativa da JUSPREV em parceria com a Mongeral Aegon Seguros e Previd\u00eancia. Tem o objetivo de reformular os materiais de divulga\u00e7\u00e3o da entidade.<\/td>\n<\/tr>\n<tr>\n<td style=\"text-align: justify; border: #039 1px solid;\" align=\"justify\" valign=\"top\" bgcolor=\"#ffffff\" width=\"315\"><a href=\"https:\/\/jusprev.org.br\/backup\/?p=6096\"><\/p>\n<div style=\"background-color: #0e2e45; color: #fff; font-size: 12px; border: 0px; padding: 5px;\">STF aprova estatuto da funda\u00e7\u00e3o de previd\u00eancia complementar do Judici\u00e1rio<\/div>\n<p>&nbsp;<\/p>\n<p><\/a><\/p>\n<p style=\"text-align: justify; padding: 5px;\" align=\"justify\">O Supremo Tribunal Federal (STF) aprovou, em sess\u00e3o administrativa, o estatuto da Funda\u00e7\u00e3o de Previd\u00eancia Complementar do Servidor P\u00fablico Federal do Poder Judici\u00e1rio (Funpresp-Jud). Segundo o texto aprovado na \u00faltima semana, fica prevista a possibilidade de ades\u00e3o do Minist\u00e9rio P\u00fablico da Uni\u00e3o (MPU) ao Funpresp-Jud<\/p>\n<\/td>\n<td style=\"text-align: justify; border: #039 1px solid;\" align=\"justify\" valign=\"top\" bgcolor=\"#ffffff\" width=\"315\">\n<div style=\"background-color: #0e2e45; color: #fff; font-size: 12px; border: 0px; padding: 5px;\">\n<p align=\"center\"><span style=\"color: #ffffff;\" data-mce-mark=\"1\"><a href=\"https:\/\/jusprev.org.br\/backup\/?page_id=5162\"><span style=\"color: #ffffff;\" data-mce-mark=\"1\">Acompanh<\/span><\/a><a href=\"https:\/\/jusprev.org.br\/backup\/?page_id=5162\"><span style=\"color: #ffffff;\" data-mce-mark=\"1\">e o<\/span><\/a><a href=\"https:\/\/jusprev.org.br\/backup\/?page_id=5162\"><span style=\"color: #ffffff;\" data-mce-mark=\"1\">s Relat\u00f3rios Investimentos da JUSPREV<\/span><\/a><\/span><\/p>\n<\/div>\n<p>A JUSPREV disponibiliza mensalmente aos participantes o Relat\u00f3rio \u00a0de Investimentos, o qual contempla o cen\u00e1rio econ\u00f4mico, expectativas \u2013 curto prazo (cen\u00e1rio internacional, c\u00e2mbio, juros e bolsa de valores), dentre outras informa\u00e7\u00f5es.<\/td>\n<\/tr>\n<tr>\n<td colspan=\"2\" align=\"middle\" valign=\"top\"><a href=\"https:\/\/jusprev.org.br\/backup\/wp-content\/uploads\/2012\/12\/2532-Emailmkt_Final_de_Ano_Jusprev.jpg\"><img loading=\"lazy\" decoding=\"async\" class=\"alignleft size-full wp-image-6367\" alt=\"2532-Emailmkt_Final_de_Ano_Jusprev\" src=\"https:\/\/jusprev.org.br\/backup\/wp-content\/uploads\/2012\/12\/2532-Emailmkt_Final_de_Ano_Jusprev.jpg\" width=\"700\" height=\"799\" \/><\/a><a href=\"https:\/\/jusprev.org.br\/backup\/wp-content\/uploads\/2012\/12\/Regulamento-Campanha-Deixe-a-JUSPREV-com-a-sua-imagem.pdf\"><img loading=\"lazy\" decoding=\"async\" class=\"alignleft size-full wp-image-6171\" alt=\"banner_campanha_para_informativo1\" src=\"https:\/\/jusprev.org.br\/backup\/wp-content\/uploads\/2012\/12\/banner_campanha_para_informativo1.jpg\" width=\"318\" height=\"265\" \/><\/a><a style=\"line-height: 18px;\" href=\"https:\/\/jusprev.org.br\/backup\/wp-content\/uploads\/2012\/12\/site1.jpg\"><img loading=\"lazy\" decoding=\"async\" class=\"wp-image-6386 alignright\" alt=\"site\" src=\"https:\/\/jusprev.org.br\/backup\/wp-content\/uploads\/2012\/12\/site1.jpg\" width=\"355\" height=\"260\" \/><\/a><img loading=\"lazy\" decoding=\"async\" class=\"size-full wp-image-6387 aligncenter\" alt=\"rede de prote\u00e7\u00e3o\" src=\"https:\/\/jusprev.org.br\/backup\/wp-content\/uploads\/2012\/12\/rede-de-prote\u00e7\u00e3o.jpg\" width=\"652\" height=\"54\" \/><\/p>\n<p style=\"text-align: center;\">\u00a0Curta a p\u00e1gina da JUSPREV no Facebook,\u00a0<a style=\"font-family: verdana, geneva, sans-serif;\" href=\"http:\/\/jusprevpr.emktsender.net\/registra_clique.php?id=TH|teste|140969|6270&amp;url=http%3A%2F%2Fwww.facebook.com%2Fpages%2FJUSPREV%2F109339339167630%3Fref%3Dhl\">ACESSE AQUI<\/a><\/p>\n<p style=\"text-align: center;\"><a href=\"https:\/\/jusprev.org.br\/backup\/?page_id=5092\">FA\u00c7A UMA SIMULA\u00c7\u00c3O<\/a><\/p>\n<p>Rua Mateus Leme, n.\u00ba 2018, T\u00e9rreo, Centro C\u00edvico &#8211; CEP: 80530-010, Curitiba, Paran\u00e1<\/td>\n<\/tr>\n<tr>\n<td style=\"text-align: center; color: #fff; font-size: 16px; border: 0px; padding: 5px;\" colspan=\"2\" align=\"middle\" bgcolor=\"#0e2e45\"><img loading=\"lazy\" decoding=\"async\" class=\"size-full wp-image-5879\" alt=\"rodape_informativo\" src=\"https:\/\/jusprev.org.br\/backup\/wp-content\/uploads\/2012\/12\/rodape_informativo.jpg\" width=\"640\" height=\"71\" \/><\/td>\n<\/tr>\n<\/tbody>\n<\/table>\n<\/td>\n<\/tr>\n<\/tbody>\n<\/table>\n<p>&nbsp;<\/p>\n<p>&nbsp;<\/p>\n","protected":false},"excerpt":{"rendered":"<p>&nbsp; &nbsp; \u00a0 \u00d3rg\u00e3os Colegiados da JUSPREV se re\u00fanem em Foz do Igua\u00e7u &nbsp; Os \u00d3rg\u00e3os Colegiados da JUSPREV realizaram nos dias 13 e 14 de dezembro, as \u00faltimas reuni\u00f5es&#8230;<\/p>\n","protected":false},"author":3,"featured_media":0,"comment_status":"closed","ping_status":"closed","sticky":false,"template":"","format":"standard","meta":{"footnotes":""},"categories":[32],"tags":[],"class_list":["post-6363","post","type-post","status-publish","format-standard","hentry","category-informativo"],"_links":{"self":[{"href":"https:\/\/jusprev.org.br\/backup\/wp-json\/wp\/v2\/posts\/6363","targetHints":{"allow":["GET"]}}],"collection":[{"href":"https:\/\/jusprev.org.br\/backup\/wp-json\/wp\/v2\/posts"}],"about":[{"href":"https:\/\/jusprev.org.br\/backup\/wp-json\/wp\/v2\/types\/post"}],"author":[{"embeddable":true,"href":"https:\/\/jusprev.org.br\/backup\/wp-json\/wp\/v2\/users\/3"}],"replies":[{"embeddable":true,"href":"https:\/\/jusprev.org.br\/backup\/wp-json\/wp\/v2\/comments?post=6363"}],"version-history":[{"count":0,"href":"https:\/\/jusprev.org.br\/backup\/wp-json\/wp\/v2\/posts\/6363\/revisions"}],"wp:attachment":[{"href":"https:\/\/jusprev.org.br\/backup\/wp-json\/wp\/v2\/media?parent=6363"}],"wp:term":[{"taxonomy":"category","embeddable":true,"href":"https:\/\/jusprev.org.br\/backup\/wp-json\/wp\/v2\/categories?post=6363"},{"taxonomy":"post_tag","embeddable":true,"href":"https:\/\/jusprev.org.br\/backup\/wp-json\/wp\/v2\/tags?post=6363"}],"curies":[{"name":"wp","href":"https:\/\/api.w.org\/{rel}","templated":true}]}}