{"id":6435,"date":"2013-01-10T18:19:45","date_gmt":"2013-01-10T20:19:45","guid":{"rendered":"https:\/\/jusprev.org.br\/backup\/?p=6435"},"modified":"2013-01-10T18:19:45","modified_gmt":"2013-01-10T20:19:45","slug":"gerente-da-jusprev-ministrara-treinamento-nos-dias-9-e-10-no-rio-de-janeiro","status":"publish","type":"post","link":"https:\/\/jusprev.org.br\/backup\/gerente-da-jusprev-ministrara-treinamento-nos-dias-9-e-10-no-rio-de-janeiro\/","title":{"rendered":"Gerente da JUSPREV ministrar\u00e1 Treinamento nos dias 9 e 10 no Rio de Janeiro"},"content":{"rendered":"<p>Nos dias 9 e 10 de janeiro a gerente da JUSPREV, Deborah Maggio, estar\u00e1 no Rio de Janeiro para ministrar o 1\u00b0 Curso de Capacita\u00e7\u00e3o do ano de 2013 para os Colaboradores do SICOOB COOMPERJ \u2013 Cooperativa de Economia e Cr\u00e9dito M\u00fatuo dos Integrantes do Minist\u00e9rio P\u00fablico no Estado do Rio de Janeiro, dando seguimento ao deliberado na \u00faltima Reuni\u00e3o dos \u00d3rg\u00e3os Colegiados realizada em 14 de dezembro, em Foz do Igua\u00e7u.<\/p>\n<p>A Cooperativa SICOOB COOMPERJ integra a ABRACRED, Instituidora Fundadora da JUSPREV, e tem como presidente o Dr. Luiz Ant\u00f4nio Ferreira de Araujo, o qual tamb\u00e9m preside o Conselho Deliberativo da JUSPREV, desde 2009.<\/p>\n<p>Os cursos ministrados t\u00eam como principal objetivo a capacita\u00e7\u00e3o dos colaboradores das Associa\u00e7\u00f5es Instituidoras encarregados de prestar informa\u00e7\u00f5es aos associados acerca da JUSPREV e do Plano de Benef\u00edcios que administra. O treinamento contempla as caracter\u00edsticas institucionais da entidade, bem como todo o processo operacional necess\u00e1rio para a formaliza\u00e7\u00e3o e implanta\u00e7\u00e3o da proposta.<\/p>\n<p>Os treinamentos foram solicitados pelas Instituidoras para que seus colaboradores estejam aptos a prestar a todos associados, de maneira clara e precisa, as informa\u00e7\u00f5es sobre o PLANJUS \u2013 Plano de Benef\u00edcios Previdenci\u00e1rios administrado pela JUSPREV, formalizando a ades\u00e3o de seus cooperados \u00e0 Previd\u00eancia Associativa institu\u00edda pelas Carreiras Jur\u00eddicas P\u00fablicas do Brasil.<\/p>\n<p>Ser\u00e1 confeccionado um cronograma de treinamentos para ser ministrado no decorrer de 2013, atendendo todas as regi\u00f5es do Brasil, direcionado aos diretores de Previd\u00eancia das Instituidoras e aos colaboradores encarregados da JUSPREV, ocasi\u00e3o em que os consultores previdenci\u00e1rios ser\u00e3o convidados para participar, objetivando sempre o aperfei\u00e7oamento e a padroniza\u00e7\u00e3o do atendimento.<\/p>\n","protected":false},"excerpt":{"rendered":"<p>Nos dias 9 e 10 de janeiro a gerente da JUSPREV, Deborah Maggio, estar\u00e1 no Rio de Janeiro para ministrar o 1\u00b0 Curso de Capacita\u00e7\u00e3o do ano de 2013 para&#8230;<\/p>\n","protected":false},"author":4,"featured_media":0,"comment_status":"closed","ping_status":"closed","sticky":false,"template":"","format":"standard","meta":{"footnotes":""},"categories":[31],"tags":[],"class_list":["post-6435","post","type-post","status-publish","format-standard","hentry","category-noticias"],"_links":{"self":[{"href":"https:\/\/jusprev.org.br\/backup\/wp-json\/wp\/v2\/posts\/6435","targetHints":{"allow":["GET"]}}],"collection":[{"href":"https:\/\/jusprev.org.br\/backup\/wp-json\/wp\/v2\/posts"}],"about":[{"href":"https:\/\/jusprev.org.br\/backup\/wp-json\/wp\/v2\/types\/post"}],"author":[{"embeddable":true,"href":"https:\/\/jusprev.org.br\/backup\/wp-json\/wp\/v2\/users\/4"}],"replies":[{"embeddable":true,"href":"https:\/\/jusprev.org.br\/backup\/wp-json\/wp\/v2\/comments?post=6435"}],"version-history":[{"count":0,"href":"https:\/\/jusprev.org.br\/backup\/wp-json\/wp\/v2\/posts\/6435\/revisions"}],"wp:attachment":[{"href":"https:\/\/jusprev.org.br\/backup\/wp-json\/wp\/v2\/media?parent=6435"}],"wp:term":[{"taxonomy":"category","embeddable":true,"href":"https:\/\/jusprev.org.br\/backup\/wp-json\/wp\/v2\/categories?post=6435"},{"taxonomy":"post_tag","embeddable":true,"href":"https:\/\/jusprev.org.br\/backup\/wp-json\/wp\/v2\/tags?post=6435"}],"curies":[{"name":"wp","href":"https:\/\/api.w.org\/{rel}","templated":true}]}}